{"id":893,"date":"2021-06-12T01:25:05","date_gmt":"2021-06-11T23:25:05","guid":{"rendered":"https:\/\/quintanaasesores.com.ar\/24\/?p=893"},"modified":"2021-06-12T01:25:05","modified_gmt":"2021-06-11T23:25:05","slug":"covid-19-estas-son-las-restricciones-para-el-fin-de-semana","status":"publish","type":"post","link":"https:\/\/quintanaasesores.com.ar\/24\/covid-19-estas-son-las-restricciones-para-el-fin-de-semana\/","title":{"rendered":"Covid-19: \u00e9stas son las restricciones para el fin de semana"},"content":{"rendered":"<h1 class=\"title\">Covid-19: \u00e9stas son las restricciones para el fin de semana<\/h1>\n<h2 class=\"excerpt\">Tanto el jefe de Gobierno porte\u00f1o, Horacio Rodr\u00edguez Larreta, como el gobernador de la Provincia de Buenos Aires, Axel Kicillof, decidieron flexibilizar las restricciones a partir del s\u00e1bado.<\/h2>\n<p>ambito.com<\/p>\n<section class=\"detail-body first-paragraph\">\n<section id=\"note-body\" class=\"body-content note-body content-protected-false\" data-twitter-link=\"https:\/\/twitter.com\/intent\/tweet?url=https:\/\/www.ambito.com\/c5200510&amp;v\u00eda=Ambitocom&amp;related=\u00e1mbito.com&amp;text=\">El jefe de Gobierno porte\u00f1o, Horacio Rodr\u00edguez Larreta, afirm\u00f3 que desde el s\u00e1bado las actividades<strong>\u00a0se restringir\u00e1n entre las 23 y las 6 en coordinaci\u00f3n con la\u00a0provincia de Buenos Aires<\/strong>, al anunciar nuevas medidas de circulaci\u00f3n y sobre establecimientos educativos al vencer en las pr\u00f3ximas horas el DNU presidencial que establece cuidados ante la segunda ola de\u00a0<strong>coronavirus<\/strong>.<\/section>\n<\/section>\n<section class=\"detail-body second-paragraph\">\n<section class=\"body-content note-body content-protected-false\">\n<h2>Las\u00a0restricciones\u00a0en\u00a0CABA<\/h2>\n<ul>\n<li>\u00a0La circulaci\u00f3n general va a quedar restringida entre las 0 horas y las 6 de la ma\u00f1ana.<\/li>\n<li>A partir de ma\u00f1ana los bares y restaurantes van a poder abrir hasta las 23, siempre al aire libre, y as\u00ed van poder recibir p\u00fablico durante el horario de la cena.<\/li>\n<li>Los comercios esenciales y no esenciales tambi\u00e9n podr\u00e1n abrir hasta las 23, siempre con todos los protocolos vigentes. Estas tres medidas fueron coordinadas con la Provincia de Buenos Aires.<\/li>\n<li>A partir del lunes los shoppings van a volver a abrir con una capacidad m\u00e1xima de 1 persona cada 15 metros cuadrados.<\/li>\n<li>Se van a permitir actividades deportivas de hasta 10 personas, siempre al aire libre, con y sin contacto. Y los clubes y gimnasios podr\u00e1n realizar sus actividades \u00fanicamente en el exterior.<\/li>\n<li>Est\u00e1n permitidos los encuentros sociales en espacios abiertos con un m\u00e1ximo de 10 personas. Y reabrir\u00e1n los patios de juegos de las plazas.<\/li>\n<li>Los encuentros en espacios cerrados siguen restringidos y hay que poner todo el esfuerzo en evitarlos. Ah\u00ed es donde m\u00e1s contagios se producen.<\/li>\n<li>Las actividades profesionales continuar\u00e1n funcionando de manera remota.<\/li>\n<li>Las celebraciones religiosas van a poder realizarse, desde el 18 de junio, con una capacidad m\u00e1xima del 30%.<\/li>\n<li>Se acord\u00f3 con el sector la apertura de los cines y los teatros tambi\u00e9n para el viernes 18 de junio con una capacidad m\u00e1xima del 30%.En funci\u00f3n de la situaci\u00f3n sanitaria actual, la educaci\u00f3n va a seguir de la siguiente manera:<\/li>\n<\/ul>\n<\/section>\n<\/section>\n<section class=\"related-note-in-body\">\n<article class=\"related-note-in-body-article row align-items-stretch no-gutters \" data-type=\"article\">\n<div class=\"col-auto\"><\/div>\n<div class=\"col\">\n<div class=\"info-wrapper\">\n<h2 class=\"title\">Ciudad ya analiza flexibilizar medidas y abrir m\u00e1s aulas<\/h2>\n<\/div>\n<\/div>\n<\/article>\n<\/section>\n<section class=\"detail-body\">\n<section class=\"body-content note-body content-protected-false\">\n<ul>\n<li>Los jardines maternales y la educaci\u00f3n inicial, primaria y especial van a seguir con presencialidad.<\/li>\n<li>Todos los estudiantes de secundaria van a tener bimodalidad: van a combinar presencialidad y virtualidad. Los chicos de primer y segundo a\u00f1o ya ten\u00edan esta modalidad y a partir del lunes se suma el resto de los estudiantes de secundaria.<\/li>\n<li>En el caso de las escuelas para adultos, las escuelas terciarias y los Centros de Formaci\u00f3n Profesional seguir\u00e1n en formato virtual pero van a poder retomar tambi\u00e9n las pr\u00e1cticas presenciales.<\/li>\n<li>Las vacaciones de invierno se mantienen en su fecha original, del 19 al 30 de julio.<\/li>\n<\/ul>\n<h2>Las restricciones en la Provincia de Buenos Aires<\/h2>\n<p>El gobernador bonaerense, Axel Kicillof, indic\u00f3 que en\u00a0<strong>el conurbano empezar\u00e1 el mi\u00e9rcoles \u00abun retorno gradual a la presencialidad cuidada\u00bb en las escuelas\u00a0<\/strong>como parte de la nueva fase de las restricciones. Tambi\u00e9n dijo que la curva de contagios de coronavirus todav\u00eda no est\u00e1 en los \u00abniveles deseables\u00bb pero destac\u00f3 la mejora de \u00abalgunos indicadores\u00bb que permitir\u00e1n, seg\u00fan afirm\u00f3, la vuelta a las aulas. Estas son las actividades que est\u00e1n permitidas:<\/p>\n<ul>\n<li>Se podr\u00e1 circular entre las 6 y las 20<\/li>\n<li>Cierre de comercios no esenciales de 20 a 6<\/li>\n<li>A partir de ma\u00f1ana los bares y restaurantes van a poder abrir hasta las 23, siempre al aire libre. O con aforo hasta el 30%. Despu\u00e9s de las 23 servicio take away.<\/li>\n<li>Suspensi\u00f3n de reuniones personales<\/li>\n<li>Actividades culturales en espacios abiertos hasta 10 personas<\/li>\n<li>Actividades recreativas y sin contacto hasta 10 personas al aire libre<\/li>\n<li>Actividades religiosas al aire libre hasta 20 personas<\/li>\n<\/ul>\n<p>En funci\u00f3n de la situaci\u00f3n sanitaria actual, la educaci\u00f3n va a seguir de la siguiente manera:<\/p>\n<ul>\n<li>En los distritos del conurbano habr\u00e1 un retorno gradual a la presencialidad<\/li>\n<li>El regreso de los alumnos ser\u00e1 a partir del mi\u00e9rcoles<\/li>\n<li>La presencialidad es para todos los niveles<\/li>\n<li>El receso comenzar\u00eda el 19 de julio y terminar\u00eda el 1 de agosto.<\/li>\n<\/ul>\n<\/section>\n<\/section>\n","protected":false},"excerpt":{"rendered":"<p>Covid-19: \u00e9stas son las restricciones para el fin de semana Tanto el jefe de Gobierno porte\u00f1o, Horacio Rodr\u00edguez Larreta, como el gobernador de la Provincia de<span class=\"excerpt-hellip\"> [\u2026]<\/span><\/p>\n","protected":false},"author":1,"featured_media":894,"comment_status":"open","ping_status":"open","sticky":false,"template":"","format":"standard","meta":{"footnotes":""},"categories":[1],"tags":[],"_links":{"self":[{"href":"https:\/\/quintanaasesores.com.ar\/24\/wp-json\/wp\/v2\/posts\/893"}],"collection":[{"href":"https:\/\/quintanaasesores.com.ar\/24\/wp-json\/wp\/v2\/posts"}],"about":[{"href":"https:\/\/quintanaasesores.com.ar\/24\/wp-json\/wp\/v2\/types\/post"}],"author":[{"embeddable":true,"href":"https:\/\/quintanaasesores.com.ar\/24\/wp-json\/wp\/v2\/users\/1"}],"replies":[{"embeddable":true,"href":"https:\/\/quintanaasesores.com.ar\/24\/wp-json\/wp\/v2\/comments?post=893"}],"version-history":[{"count":1,"href":"https:\/\/quintanaasesores.com.ar\/24\/wp-json\/wp\/v2\/posts\/893\/revisions"}],"predecessor-version":[{"id":895,"href":"https:\/\/quintanaasesores.com.ar\/24\/wp-json\/wp\/v2\/posts\/893\/revisions\/895"}],"wp:featuredmedia":[{"embeddable":true,"href":"https:\/\/quintanaasesores.com.ar\/24\/wp-json\/wp\/v2\/media\/894"}],"wp:attachment":[{"href":"https:\/\/quintanaasesores.com.ar\/24\/wp-json\/wp\/v2\/media?parent=893"}],"wp:term":[{"taxonomy":"category","embeddable":true,"href":"https:\/\/quintanaasesores.com.ar\/24\/wp-json\/wp\/v2\/categories?post=893"},{"taxonomy":"post_tag","embeddable":true,"href":"https:\/\/quintanaasesores.com.ar\/24\/wp-json\/wp\/v2\/tags?post=893"}],"curies":[{"name":"wp","href":"https:\/\/api.w.org\/{rel}","templated":true}]}}