{"id":889,"date":"2021-06-01T15:45:39","date_gmt":"2021-06-01T13:45:39","guid":{"rendered":"https:\/\/quintanaasesores.com.ar\/24\/?p=889"},"modified":"2021-06-01T15:45:39","modified_gmt":"2021-06-01T13:45:39","slug":"conoce-las-medidas-que-estaran-vigentes-en-la-ciudad-a-partir-del-lunes-31-de-mayo","status":"publish","type":"post","link":"https:\/\/quintanaasesores.com.ar\/24\/conoce-las-medidas-que-estaran-vigentes-en-la-ciudad-a-partir-del-lunes-31-de-mayo\/","title":{"rendered":"Conoc\u00e9 las medidas que estar\u00e1n vigentes en la Ciudad a partir del lunes 31 de mayo."},"content":{"rendered":"<h2>Conoc\u00e9 las medidas que estar\u00e1n vigentes en la Ciudad a partir del lunes 31 de mayo.<\/h2>\n<p>buenosaires.gob.ar<\/p>\n<div id=\"fondoColor-1\" class=\"alert alert-info fondoColor\">\n<div class=\"descripAlerta\">\n<h4 id=\"tituloAlerta-1\" class=\"tituloAlerta\"><strong>Ten\u00e9 en cuenta qu\u00e9:<\/strong><\/h4>\n<ul>\n<li>La circulaci\u00f3n estar\u00e1 restringida entre las\u00a0<strong>20 y las 6 h<\/strong>.<\/li>\n<li>El fin de semana del\u00a0<strong>5 y 6 de junio la circulaci\u00f3n estar\u00e1 restringida<\/strong>, solo se podr\u00e1 circular para actividades de cercan\u00eda<\/li>\n<li>Los bares y restaurantes podr\u00e1n atender hasta las 19 h en espacios al aire libre.<\/li>\n<li>Los comercios podr\u00e1n atender hasta las 19 h.<\/li>\n<\/ul>\n<\/div>\n<\/div>\n<hr \/>\n<h2>Circulaci\u00f3n y encuentros sociales<\/h2>\n<p>Ante el importante aumento de casos es necesario seguir reduciendo la circulaci\u00f3n de personas.<\/p>\n<div id=\"fondoColor-2\" class=\"alert alert-primary fondoColor\">\n<div class=\"descripAlerta\">\n<p id=\"textoAlerta-2\" class=\"textoAlerta\">Como establece el DNU Nacional,\u00a0<strong>el s\u00e1bado 5 y domingo 6 de junio la circulaci\u00f3n estar\u00e1 restringida<\/strong>. Solamente se podr\u00e1 circular para actividades de cercan\u00eda, como ir a comprar a la farmacia o a un comercio del barrio.<\/p>\n<\/div>\n<\/div>\n<ul>\n<li>La circulaci\u00f3n estar\u00e1 restringida entre las 20 y las 6 horas.<\/li>\n<li>Es muy importante seguir evitando cualquier encuentro en espacios cerrados, porque son los lugares donde m\u00e1s contagios ocurren.<\/li>\n<\/ul>\n<hr \/>\n<h2>Comercios<\/h2>\n<h3>Comercio no esenciales<\/h3>\n<ul>\n<li>Los locales comerciales podr\u00e1n atender hasta las 19 h con todos los protocolos.<\/li>\n<\/ul>\n<h3>Gastronom\u00eda<\/h3>\n<ul>\n<li>Los bares y restaurantes podr\u00e1n atender hasta las 19 horas en espacios al aire libre con mesas de hasta 4 personas o grupo familiar.<\/li>\n<li>Despu\u00e9s de ese horario, solamente podr\u00e1n seguir trabajando con reparto a domicilio o retiro en el local.<\/li>\n<\/ul>\n<h3>Comercio esenciales<\/h3>\n<ul>\n<li>Los comercios esenciales, como las farmacias, supermercados, veterinarias, entre otros, van a seguir abiertos con los protocolos necesarios para seguir cuid\u00e1ndonos.<\/li>\n<\/ul>\n<hr \/>\n<h2>Actividades profesionales<\/h2>\n<ul>\n<li>Seguir\u00e1n restringidas estas actividades de manera presencial, ya que en la Ciudad hay una enorme concentraci\u00f3n de empresas, estudios y oficinas. Quienes trabajan en estos lugares deber\u00e1n hacer teletrabajo.<\/li>\n<\/ul>\n<hr \/>\n<h2>Industria y construcci\u00f3n<\/h2>\n<ul>\n<li>La industria y la construcci\u00f3n podr\u00e1n volver a sus actividades.<\/li>\n<li>En el caso de la construcci\u00f3n, las empresas que realicen obras de m\u00e1s de 1.500 m2 tendr\u00e1n que garantizar transporte privado para sus trabajadores.<\/li>\n<\/ul>\n<hr \/>\n<h2>Actividades recreativas<\/h2>\n<ul>\n<li><strong>A partir del lunes 31 de mayo<\/strong>, vuelven a estar permitidos los deportes sin contacto de hasta 10 personas al aire libre.<\/li>\n<\/ul>\n<hr \/>\n<h2>Culto<\/h2>\n<ul>\n<li>Las ceremonias religiosas vuelven a estar habilitadas hasta 10 personas en espacios abiertos.<\/li>\n<\/ul>\n<hr \/>\n<h2>Educaci\u00f3n<\/h2>\n<ul>\n<li><strong>Vuelven las clases presenciales<\/strong>\u00a0de jardines maternales, educaci\u00f3n inicial, educaci\u00f3n primaria y educaci\u00f3n especial.<\/li>\n<li>La educaci\u00f3n secundaria de 1\u00b0 y 2\u00b0 a\u00f1o volver\u00e1 a alternar entre clases virtuales y presenciales. El resto de los a\u00f1os (3\u00b0, 4\u00b0, 5\u00b0 y 6\u00b0) tendr\u00e1n clases virtuales.<\/li>\n<li>La educaci\u00f3n para personas adultas, escuelas terciarias y Centros de Formaci\u00f3n Profesional tambi\u00e9n ser\u00e1 en formato virtual.<\/li>\n<\/ul>\n","protected":false},"excerpt":{"rendered":"<p>Conoc\u00e9 las medidas que estar\u00e1n vigentes en la Ciudad a partir del lunes 31 de mayo. buenosaires.gob.ar Ten\u00e9 en cuenta qu\u00e9: La circulaci\u00f3n estar\u00e1 restringida entre<span class=\"excerpt-hellip\"> [\u2026]<\/span><\/p>\n","protected":false},"author":1,"featured_media":890,"comment_status":"open","ping_status":"open","sticky":false,"template":"","format":"standard","meta":{"footnotes":""},"categories":[13],"tags":[],"_links":{"self":[{"href":"https:\/\/quintanaasesores.com.ar\/24\/wp-json\/wp\/v2\/posts\/889"}],"collection":[{"href":"https:\/\/quintanaasesores.com.ar\/24\/wp-json\/wp\/v2\/posts"}],"about":[{"href":"https:\/\/quintanaasesores.com.ar\/24\/wp-json\/wp\/v2\/types\/post"}],"author":[{"embeddable":true,"href":"https:\/\/quintanaasesores.com.ar\/24\/wp-json\/wp\/v2\/users\/1"}],"replies":[{"embeddable":true,"href":"https:\/\/quintanaasesores.com.ar\/24\/wp-json\/wp\/v2\/comments?post=889"}],"version-history":[{"count":1,"href":"https:\/\/quintanaasesores.com.ar\/24\/wp-json\/wp\/v2\/posts\/889\/revisions"}],"predecessor-version":[{"id":891,"href":"https:\/\/quintanaasesores.com.ar\/24\/wp-json\/wp\/v2\/posts\/889\/revisions\/891"}],"wp:featuredmedia":[{"embeddable":true,"href":"https:\/\/quintanaasesores.com.ar\/24\/wp-json\/wp\/v2\/media\/890"}],"wp:attachment":[{"href":"https:\/\/quintanaasesores.com.ar\/24\/wp-json\/wp\/v2\/media?parent=889"}],"wp:term":[{"taxonomy":"category","embeddable":true,"href":"https:\/\/quintanaasesores.com.ar\/24\/wp-json\/wp\/v2\/categories?post=889"},{"taxonomy":"post_tag","embeddable":true,"href":"https:\/\/quintanaasesores.com.ar\/24\/wp-json\/wp\/v2\/tags?post=889"}],"curies":[{"name":"wp","href":"https:\/\/api.w.org\/{rel}","templated":true}]}}