{"id":860,"date":"2021-03-30T23:32:25","date_gmt":"2021-03-30T21:32:25","guid":{"rendered":"https:\/\/quintanaasesores.com.ar\/24\/?p=860"},"modified":"2021-03-30T23:32:25","modified_gmt":"2021-03-30T21:32:25","slug":"nuevas-medidas-en-argentina-cuales-son-las-restricciones-para-enfrentar-la-segunda-ola","status":"publish","type":"post","link":"https:\/\/quintanaasesores.com.ar\/24\/nuevas-medidas-en-argentina-cuales-son-las-restricciones-para-enfrentar-la-segunda-ola\/","title":{"rendered":"Nuevas medidas en Argentina: \u00bfcu\u00e1les son las restricciones para enfrentar la segunda ola?"},"content":{"rendered":"<h1 class=\"art-headline\">Nuevas medidas en Argentina: \u00bfcu\u00e1les son las restricciones para enfrentar la segunda ola?<\/h1>\n<h2 class=\"art-opening\">Por el aumento \u00absostenido\u00bb de casos, todos los empleados de la administraci\u00f3n p\u00fablica quedan eximidos del trabajo presencial.<\/h2>\n<p>argentina.as.com<\/p>\n<p>Los casos positivos de coronavirus contin\u00faan en aumento en Argentina -que seg\u00fan el propio presidente Alberto Fern\u00e1ndez se acerca a la segunda ola-, por lo que\u00a0<strong>Santiago Cafiero, Jefe de Gabinete de la Naci\u00f3n, y Carla Vizzotti, ministra de Salud,<\/strong>\u00a0anunciaron\u00a0<strong>nuevas medidas<\/strong> que se tomar\u00e1n para intentar que el virus no contin\u00fae \u00abtransmiti\u00e9ndose de modo sostenido\u00bb.<\/p>\n<p>As\u00ed las cosas, Cafiero comunic\u00f3 que\u00a0<strong>a partir del lunes 29 de marzo y hasta el mi\u00e9rcoles 31 inclusive, la administraci\u00f3n p\u00fablica nacional queda eximida de cumplir sus tareas laborales presencialmente -se har\u00e1 v\u00eda teletrabajo-.<\/strong><\/p>\n<p>Adem\u00e1s, el funcionario invit\u00f3\u00a0<strong>\u00aba todas las jurisdicciones y al sector privado a replicar esta iniciativa\u00bb.<\/strong>\u00a0Cabe destacar que\u00a0<strong>el jueves 1\u00ba de abril y el viernes 2 es Semana Santa<\/strong>, por lo que las trabajadoras y los trabajadores del sector p\u00fablico tienen d\u00edas no laborables.<\/p>\n<p>Respecto a las clases presenciales, Cafiero resalt\u00f3 que\u00a0<strong>\u00ablas actividades educativas son prioritarias\u00bb y que se necesita \u00abcontinuar con la presencialidad posible en las aulas\u00bb, pero detall\u00f3: \u00ab<\/strong>El riesgo epidemiol\u00f3gico est\u00e1 creciendo en nuestro pa\u00eds. Tenemos evidentemente una circulaci\u00f3n comunitaria que est\u00e1 con avance sostenido\u00bb.<\/p>\n<p>Por su parte Vizzotti se refiri\u00f3 a las mutaciones del virus que ya circulan en suelo argentino.\u00a0<strong>\u00abEn relaci\u00f3n a las mutaciones y variantes del SARS-CoV-2, es muy importante informar que no son una variante que circula en forma persistente en nuestro pa\u00eds, pero s\u00ed se han detectado 45 casos, 28 de la variante de Reino Unido y 17 de la de Manaos\u00bb<\/strong>, inform\u00f3 la ministra.<\/p>\n<h4><\/h4>\n","protected":false},"excerpt":{"rendered":"<p>Nuevas medidas en Argentina: \u00bfcu\u00e1les son las restricciones para enfrentar la segunda ola? Por el aumento \u00absostenido\u00bb de casos, todos los empleados de la administraci\u00f3n p\u00fablica<span class=\"excerpt-hellip\"> [\u2026]<\/span><\/p>\n","protected":false},"author":1,"featured_media":861,"comment_status":"open","ping_status":"open","sticky":false,"template":"","format":"standard","meta":{"footnotes":""},"categories":[13],"tags":[],"_links":{"self":[{"href":"https:\/\/quintanaasesores.com.ar\/24\/wp-json\/wp\/v2\/posts\/860"}],"collection":[{"href":"https:\/\/quintanaasesores.com.ar\/24\/wp-json\/wp\/v2\/posts"}],"about":[{"href":"https:\/\/quintanaasesores.com.ar\/24\/wp-json\/wp\/v2\/types\/post"}],"author":[{"embeddable":true,"href":"https:\/\/quintanaasesores.com.ar\/24\/wp-json\/wp\/v2\/users\/1"}],"replies":[{"embeddable":true,"href":"https:\/\/quintanaasesores.com.ar\/24\/wp-json\/wp\/v2\/comments?post=860"}],"version-history":[{"count":1,"href":"https:\/\/quintanaasesores.com.ar\/24\/wp-json\/wp\/v2\/posts\/860\/revisions"}],"predecessor-version":[{"id":862,"href":"https:\/\/quintanaasesores.com.ar\/24\/wp-json\/wp\/v2\/posts\/860\/revisions\/862"}],"wp:featuredmedia":[{"embeddable":true,"href":"https:\/\/quintanaasesores.com.ar\/24\/wp-json\/wp\/v2\/media\/861"}],"wp:attachment":[{"href":"https:\/\/quintanaasesores.com.ar\/24\/wp-json\/wp\/v2\/media?parent=860"}],"wp:term":[{"taxonomy":"category","embeddable":true,"href":"https:\/\/quintanaasesores.com.ar\/24\/wp-json\/wp\/v2\/categories?post=860"},{"taxonomy":"post_tag","embeddable":true,"href":"https:\/\/quintanaasesores.com.ar\/24\/wp-json\/wp\/v2\/tags?post=860"}],"curies":[{"name":"wp","href":"https:\/\/api.w.org\/{rel}","templated":true}]}}