{"id":810,"date":"2020-12-29T15:01:54","date_gmt":"2020-12-29T14:01:54","guid":{"rendered":"https:\/\/quintanaasesores.com.ar\/24\/?p=810"},"modified":"2020-12-29T15:01:54","modified_gmt":"2020-12-29T14:01:54","slug":"app-cuidar-verano-2020-como-sacar-el-certificado-para-las-vacaciones-en-la-costa-atlantica","status":"publish","type":"post","link":"https:\/\/quintanaasesores.com.ar\/24\/app-cuidar-verano-2020-como-sacar-el-certificado-para-las-vacaciones-en-la-costa-atlantica\/","title":{"rendered":"App Cuidar Verano 2020: c\u00f3mo sacar el certificado para las vacaciones en la Costa Atl\u00e1ntica"},"content":{"rendered":"<h1 class=\"titulo\">App Cuidar Verano 2020: c\u00f3mo sacar el certificado para las vacaciones en la Costa Atl\u00e1ntica<\/h1>\n<h2 class=\"capital\">Tras una larga espera debido a la cuarentena por\u00a0<b>coronavirus\u00a0<\/b>los turistas ya pueden ingresar a las localidades bonaerenses\u00a0de la\u00a0<b>Costa Atl\u00e1ntica<\/b>. Para ello, todas las personas deber\u00e1n gestionar el\u00a0<b>Certificado Verano<\/b>\u00a0-el permiso habilitante para vacacionar- desde el portal Verano o a trav\u00e9s de la aplicaci\u00f3n\u00a0<b>CuidAr<\/b>.<\/h2>\n<p>lanacion.com.ar<\/p>\n<p>El \u00faltimo fin de semana extra largo fue la\u00a0<b>prueba piloto para la temporada estival 2020\/2021<\/b>\u00a0que, si bien ser\u00e1 at\u00edpica,\u00a0<b>genera expectativas entre los operadores tur\u00edsticos luego de un a\u00f1o de nulos ingresos<\/b>.<\/p>\n<p><b>Los destinos de la costa atl\u00e1ntica<\/b>,\u00a0que fueron los m\u00e1s elegidos\u00a0para viajar durante este fin de semana largo,\u00a0<b>mostraron las dos caras de estos tiempos de cuidados en pandemia<\/b>. Hubo\u00a0<b>protocolos recargados de exigencias en los papeles<\/b>, barbijos que se empiezan a familiarizar con la postal de arena y mar, y<b>\u00a0tambi\u00e9n algunos excesos<\/b>\u00a0que, aun a la vista de todos, muy lejos estuvieron de sanciones ejemplares.<\/p>\n<p>Tal como inform\u00f3 el Ministerio de Producci\u00f3n de la Provincia de Buenos Aires,\u00a0<b>durante los primeros d\u00edas de diciembre el certificado se aprobar\u00e1 de manera autom\u00e1tica<\/b>. Luego de esta primera etapa,\u00a0<b>a partir del 15 de diciembre ser\u00e1 obligatorio tramitarlo con cinco d\u00edas de anticipaci\u00f3n<\/b>\u00a0y las personas recibir\u00e1n la respuesta de aprobaci\u00f3n o rechazo en un plazo m\u00e1ximo de 48 horas, que ser\u00e1 el plazo que las autoridades de cada destino tendr\u00e1n para evaluar los pedidos.<\/p>\n<p><b>Cada individuo y todo grupo familiar deber\u00e1 tramitar un \u00fanico certificado<\/b>\u00a0y en el formulario de solicitud deber\u00e1\u00a0<b>especificar el lugar de hospedaje y las fechas en las permanecer\u00e1 en el municipio bonaerense de destino<\/b>. Tambi\u00e9n ser\u00e1 exigido para movilizarse en el resto de los destinos tur\u00edsticos de la provincia y para viajar durante las Fiestas.<\/p>\n<h2 id=\"como-gestionar-el-permiso-para-veranear-en-la-costa-atlantica\" class=\"subtitulo-1\">C\u00f3mo gestionar el permiso para veranear en la costa atl\u00e1ntica<\/h2>\n<ul class=\"lista-desordenada\">\n<li>Ingresar al sitio oficial\u00a0www.argentina.gob.ar\/verano.<\/li>\n<\/ul>\n<div id=\"modalOverlay\"><\/div>\n<figure id=\"figure_3511957\" class=\"L epigrafe\" data-is=\"imagen\"><picture><source srcset=\"\/\/bucket3.glanacion.com\/anexos\/fotos\/57\/3511957w740.png\" media=\"(min-width: 768px)\" \/><source srcset=\"\/\/bucket3.glanacion.com\/anexos\/fotos\/57\/3511957w768.png\" media=\"(min-width: 380px)\" \/><img decoding=\"async\" src=\"https:\/\/bucket3.glanacion.com\/anexos\/fotos\/57\/3511957w380.png\" alt=\"Certificado Verano, el paso a paso para gestionar el permiso para vacacionar en la Costa Alt\u00e1ntica y otras localidades bonaerenses\" \/><\/picture><figcaption>Certificado Verano, el paso a paso para gestionar el permiso para vacacionar en la Costa Alt\u00e1ntica y otras localidades bonaerenses<\/figcaption><\/figure>\n<ul class=\"lista-desordenada\">\n<li>Elegir si se cuenta con DNI argentino.<\/li>\n<li>Se debe seleccionar la provincia y la localidad donde se desea vacacionar.<\/li>\n<\/ul>\n<div id=\"modalOverlay\"><\/div>\n<figure id=\"figure_3511959\" class=\"L epigrafe\" data-is=\"imagen\"><picture><source srcset=\"\/\/bucket3.glanacion.com\/anexos\/fotos\/59\/3511959w740.png\" media=\"(min-width: 768px)\" \/><source srcset=\"\/\/bucket3.glanacion.com\/anexos\/fotos\/59\/3511959w768.png\" media=\"(min-width: 380px)\" \/><img decoding=\"async\" src=\"https:\/\/bucket3.glanacion.com\/anexos\/fotos\/59\/3511959w380.png\" alt=\"Certificado Verano, el paso a paso para gestionar el permiso para vacacionar en la Costa Alt\u00e1ntica y otras localidades bonaerenses\" \/><\/picture><figcaption>Certificado Verano, el paso a paso para gestionar el permiso para vacacionar en la Costa Alt\u00e1ntica y otras localidades bonaerenses<\/figcaption><\/figure>\n<ul class=\"lista-desordenada\">\n<li>Luego, es necesario completar el formulario con los datos personales y del grupo familiar, en el caso que corresponda.<\/li>\n<\/ul>\n<ul class=\"lista-desordenada\">\n<li>De ser necesario, luego de ingresar los datos personales se podr\u00e1n completar los datos del grupo familiar.<\/li>\n<\/ul>\n<div id=\"modalOverlay\"><\/div>\n<figure id=\"figure_3511962\" class=\"L epigrafe\" data-is=\"imagen\"><picture><source srcset=\"\/\/bucket1.glanacion.com\/anexos\/fotos\/62\/3511962w740.png\" media=\"(min-width: 768px)\" \/><source srcset=\"\/\/bucket1.glanacion.com\/anexos\/fotos\/62\/3511962w768.png\" media=\"(min-width: 380px)\" \/><img decoding=\"async\" src=\"https:\/\/bucket1.glanacion.com\/anexos\/fotos\/62\/3511962w380.png\" alt=\"Certificado Verano, el paso a paso para gestionar el permiso para vacacionar en la Costa Alt\u00e1ntica y otras localidades bonaerenses\" \/><\/picture><figcaption>Certificado Verano, el paso a paso para gestionar el permiso para vacacionar en la Costa Alt\u00e1ntica y otras localidades bonaerenses<\/figcaption><\/figure>\n<ul class=\"lista-desordenada\">\n<li>Tambi\u00e9n es obligatorio indicar los datos del destino, si es un hospedaje o un inmueble propia, y transporte, ya sea alg\u00fan medio p\u00fablico o veh\u00edculo particular.<\/li>\n<\/ul>\n<div id=\"modalOverlay\"><\/div>\n<figure id=\"figure_3511963\" class=\"L epigrafe\" data-is=\"imagen\"><picture><source srcset=\"\/\/bucket2.glanacion.com\/anexos\/fotos\/63\/3511963w740.png\" media=\"(min-width: 768px)\" \/><source srcset=\"\/\/bucket2.glanacion.com\/anexos\/fotos\/63\/3511963w768.png\" media=\"(min-width: 380px)\" \/><img decoding=\"async\" src=\"https:\/\/bucket2.glanacion.com\/anexos\/fotos\/63\/3511963w380.png\" alt=\"Certificado Verano, el paso a paso para gestionar el permiso para vacacionar en la Costa Alt\u00e1ntica y otras localidades bonaerenses\" \/><\/picture><figcaption>Certificado Verano, el paso a paso para gestionar el permiso para vacacionar en la Costa Alt\u00e1ntica y otras localidades bonaerenses<\/figcaption><\/figure>\n<ul class=\"lista-desordenada\">\n<li>Adem\u00e1s, se debe informar los datos de la estad\u00eda, es decir el d\u00eda de partida y regreso al lugar de origen.<\/li>\n<\/ul>\n<div id=\"modalOverlay\"><\/div>\n<figure id=\"figure_3511966\" class=\"L epigrafe\" data-is=\"imagen\"><picture><source srcset=\"\/\/bucket3.glanacion.com\/anexos\/fotos\/66\/3511966w740.png\" media=\"(min-width: 768px)\" \/><source srcset=\"\/\/bucket3.glanacion.com\/anexos\/fotos\/66\/3511966w768.png\" media=\"(min-width: 380px)\" \/><img decoding=\"async\" src=\"https:\/\/bucket3.glanacion.com\/anexos\/fotos\/66\/3511966w380.png\" alt=\"Certificado Verano, el paso a paso para gestionar el permiso para vacacionar en la Costa Alt\u00e1ntica y otras localidades bonaerenses\" \/><\/picture><figcaption>Certificado Verano, el paso a paso para gestionar el permiso para vacacionar en la Costa Alt\u00e1ntica y otras localidades bonaerenses<\/figcaption><\/figure>\n<ul class=\"lista-desordenada\">\n<li>En el caso del transporte se deber\u00e1 detallar los datos de la reserva o la marca, modelo y patente del rodado particular.<\/li>\n<\/ul>\n<div id=\"modalOverlay\"><\/div>\n<figure id=\"figure_3511968\" class=\"L epigrafe\" data-is=\"imagen\"><picture><source srcset=\"\/\/bucket3.glanacion.com\/anexos\/fotos\/68\/3511968w740.png\" media=\"(min-width: 768px)\" \/><source srcset=\"\/\/bucket3.glanacion.com\/anexos\/fotos\/68\/3511968w768.png\" media=\"(min-width: 380px)\" \/><img decoding=\"async\" src=\"https:\/\/bucket3.glanacion.com\/anexos\/fotos\/68\/3511968w380.png\" alt=\"Certificado Verano, el paso a paso para gestionar el permiso para vacacionar en la Costa Alt\u00e1ntica y otras localidades bonaerenses\" \/><\/picture><figcaption>Certificado Verano, el paso a paso para gestionar el permiso para vacacionar en la Costa Alt\u00e1ntica y otras localidades bonaerenses<\/figcaption><\/figure>\n<ul class=\"lista-desordenada\">\n<li>Antes de enviar el solicitud se deber\u00e1 tildar el recuadro en el que se indica que se \u00abdeclara bajo juramento haber le\u00eddo los requisitos\u00bb del tr\u00e1mite. Luego de debe tildar el campo de verificaci\u00f3n y hacer clic en el bot\u00f3n \u00abEnviar solicitud\u00bb.<\/li>\n<\/ul>\n<div id=\"modalOverlay\"><\/div>\n<figure id=\"figure_3511972\" class=\"L epigrafe\" data-is=\"imagen\"><picture><source srcset=\"\/\/bucket1.glanacion.com\/anexos\/fotos\/72\/3511972w740.png\" media=\"(min-width: 768px)\" \/><source srcset=\"\/\/bucket1.glanacion.com\/anexos\/fotos\/72\/3511972w768.png\" media=\"(min-width: 380px)\" \/><img decoding=\"async\" src=\"https:\/\/bucket1.glanacion.com\/anexos\/fotos\/72\/3511972w380.png\" alt=\"Certificado Verano, el paso a paso para gestionar el permiso para vacacionar en la Costa Alt\u00e1ntica y otras localidades bonaerenses\" \/><\/picture><figcaption>Certificado Verano, el paso a paso para gestionar el permiso para vacacionar en la Costa Alt\u00e1ntica y otras localidades bonaerenses<\/figcaption><\/figure>\n<ul class=\"lista-desordenada\">\n<li>Se abrir\u00e1 una ventana en la que se confirmar\u00e1 el env\u00edo de la solicitud y se informar\u00e1 el n\u00famero de la misma. Adem\u00e1s, se informar\u00e1 el\u00a0<a class=\"link\" href=\"https:\/\/form-ddjj-verano.argentina.gob.ar\/certificado\/consulta\">enlace donde se podr\u00e1 comprobar el estado de la solicitud<\/a>.<\/li>\n<\/ul>\n<div id=\"modalOverlay\"><\/div>\n<figure id=\"figure_3511981\" class=\"L epigrafe\" data-is=\"imagen\"><picture><source srcset=\"\/\/bucket1.glanacion.com\/anexos\/fotos\/81\/3511981w740.png\" media=\"(min-width: 768px)\" \/><source srcset=\"\/\/bucket1.glanacion.com\/anexos\/fotos\/81\/3511981w768.png\" media=\"(min-width: 380px)\" \/><img decoding=\"async\" src=\"https:\/\/bucket1.glanacion.com\/anexos\/fotos\/81\/3511981w380.png\" alt=\"Certificado Verano, el paso a paso para gestionar el permiso para vacacionar en la Costa Alt\u00e1ntica y otras localidades bonaerenses\" \/><\/picture><figcaption>Certificado Verano, el paso a paso para gestionar el permiso para vacacionar en la Costa Alt\u00e1ntica y otras localidades bonaerenses<\/figcaption><\/figure>\n<ul class=\"lista-desordenada\">\n<li><b>\u00abPod\u00e9s salir de vacaciones\u00bb<\/b>. Una vez que el Certificado Verano sea aprobado, el sistema informar\u00e1 el destino y la duraci\u00f3n del viaje indicado por cada usuario. Por otro lado, si por alguna raz\u00f3n el solicitante no podr\u00e1 realizar el traslado y necesita tramitar una nueva habilitaci\u00f3n, deber\u00e1 revocar el certificado que fue aprobado<\/li>\n<\/ul>\n<div id=\"modalOverlay\"><\/div>\n<figure id=\"figure_3512055\" class=\"L epigrafe\" data-is=\"imagen\"><picture><source srcset=\"\/\/bucket2.glanacion.com\/anexos\/fotos\/55\/3512055w740.png\" media=\"(min-width: 768px)\" \/><source srcset=\"\/\/bucket2.glanacion.com\/anexos\/fotos\/55\/3512055w768.png\" media=\"(min-width: 380px)\" \/><img decoding=\"async\" src=\"https:\/\/bucket2.glanacion.com\/anexos\/fotos\/55\/3512055w380.png\" alt=\"Certiicado Verano, aprobaci\u00f3n del permiso para vacacionar en la Costa Alt\u00e1ntica\" \/><\/picture><figcaption>Certiicado Verano, aprobaci\u00f3n del permiso para vacacionar en la Costa Alt\u00e1ntica<\/figcaption><\/figure>\n<ul class=\"lista-desordenada\">\n<li>Descargar el\u00a0<b>Certificado Verano.\u00a0<\/b>El certificado habilitante para circular en los destinos tur\u00edsticos podr\u00e1 ser descargado en el tel\u00e9fono celular o imprimirlo para ser exihibido ante las autoridades de cada localidad.<\/li>\n<\/ul>\n<div id=\"modalOverlay\"><\/div>\n<figure id=\"figure_3526166\" class=\"L epigrafe\" data-is=\"imagen\"><picture><source srcset=\"\/\/bucket3.glanacion.com\/anexos\/fotos\/66\/3526166w740.png\" media=\"(min-width: 768px)\" \/><source srcset=\"\/\/bucket3.glanacion.com\/anexos\/fotos\/66\/3526166w768.png\" media=\"(min-width: 380px)\" \/><img decoding=\"async\" src=\"https:\/\/bucket3.glanacion.com\/anexos\/fotos\/66\/3526166w380.png\" alt=\"El Certificado Verano se puede descargar para llevar en el tel\u00e9fono celular y exhibir ante las autoridades de las localidades de veraneo\" \/><\/picture><figcaption>El Certificado Verano se puede descargar para llevar en el tel\u00e9fono celular y exhibir ante las autoridades de las localidades de veraneo<\/figcaption><\/figure>\n","protected":false},"excerpt":{"rendered":"<p>App Cuidar Verano 2020: c\u00f3mo sacar el certificado para las vacaciones en la Costa Atl\u00e1ntica Tras una larga espera debido a la cuarentena por\u00a0coronavirus\u00a0los turistas ya<span class=\"excerpt-hellip\"> [\u2026]<\/span><\/p>\n","protected":false},"author":1,"featured_media":811,"comment_status":"open","ping_status":"open","sticky":false,"template":"","format":"standard","meta":{"footnotes":""},"categories":[13],"tags":[],"_links":{"self":[{"href":"https:\/\/quintanaasesores.com.ar\/24\/wp-json\/wp\/v2\/posts\/810"}],"collection":[{"href":"https:\/\/quintanaasesores.com.ar\/24\/wp-json\/wp\/v2\/posts"}],"about":[{"href":"https:\/\/quintanaasesores.com.ar\/24\/wp-json\/wp\/v2\/types\/post"}],"author":[{"embeddable":true,"href":"https:\/\/quintanaasesores.com.ar\/24\/wp-json\/wp\/v2\/users\/1"}],"replies":[{"embeddable":true,"href":"https:\/\/quintanaasesores.com.ar\/24\/wp-json\/wp\/v2\/comments?post=810"}],"version-history":[{"count":1,"href":"https:\/\/quintanaasesores.com.ar\/24\/wp-json\/wp\/v2\/posts\/810\/revisions"}],"predecessor-version":[{"id":812,"href":"https:\/\/quintanaasesores.com.ar\/24\/wp-json\/wp\/v2\/posts\/810\/revisions\/812"}],"wp:featuredmedia":[{"embeddable":true,"href":"https:\/\/quintanaasesores.com.ar\/24\/wp-json\/wp\/v2\/media\/811"}],"wp:attachment":[{"href":"https:\/\/quintanaasesores.com.ar\/24\/wp-json\/wp\/v2\/media?parent=810"}],"wp:term":[{"taxonomy":"category","embeddable":true,"href":"https:\/\/quintanaasesores.com.ar\/24\/wp-json\/wp\/v2\/categories?post=810"},{"taxonomy":"post_tag","embeddable":true,"href":"https:\/\/quintanaasesores.com.ar\/24\/wp-json\/wp\/v2\/tags?post=810"}],"curies":[{"name":"wp","href":"https:\/\/api.w.org\/{rel}","templated":true}]}}