{"id":744,"date":"2020-09-16T15:32:32","date_gmt":"2020-09-16T13:32:32","guid":{"rendered":"https:\/\/quintanaasesores.com.ar\/24\/?p=744"},"modified":"2020-09-16T15:32:32","modified_gmt":"2020-09-16T13:32:32","slug":"como-esta-la-salud-mental-de-los-ninos-a-seis-meses-de-cuarentena","status":"publish","type":"post","link":"https:\/\/quintanaasesores.com.ar\/24\/como-esta-la-salud-mental-de-los-ninos-a-seis-meses-de-cuarentena\/","title":{"rendered":"C\u00f3mo est\u00e1 la salud mental de los ni\u00f1os a seis meses de cuarentena"},"content":{"rendered":"<h1 class=\"article-headline | bold width_full\">C\u00f3mo est\u00e1 la salud mental de los ni\u00f1os a seis meses de cuarentena<\/h1>\n<h2 class=\"article-subheadline | article-subheadline padding_vertical_5px border_bottom border_1 border_lightgray width_full\">Por la pandemia, una de las primeras medidas que se adopt\u00f3 fue la de cerrar las escuelas. El impacto del encierro en los m\u00e1s chicos y qu\u00e9 los diferencia de los adolescentes<\/h2>\n<p>infobae.com<\/p>\n<blockquote>\n<h2 class=\"font_tertiary paragraph\"><em>\u201c\u00bfVoy a pasar de grado? \u00bfVamos a volver al colegio el a\u00f1o que viene o alguna vez? \u00bfY la colonia de verano? \u00bfVamos a tener que usar el barbijo para siempre? \u00bfCuando puede venir mi amigo a dormir a casa? \u00bfVoy a volver a ver a los abuelos?\u201d<\/em><\/h2>\n<\/blockquote>\n<p class=\"font_tertiary paragraph\"><b>La llegada de la pandemia signific\u00f3 que el mundo se paralizar\u00e1<\/b>. Sin embargo, son los m\u00e1s chicos los que carecen, a diferencia de los adolescentes y adultos, de redes de contenci\u00f3n.\u00a0<b>Su \u00fanico apoyo es su familia, que al mismo tiempo est\u00e1 atravesando esta situaci\u00f3n extraordinaria.<\/b><\/p>\n<p class=\"font_tertiary paragraph\">Han pasado casi seis meses desde que Argentina est\u00e1 bajo cuarentena, y una de las primeras medidas que tomaron desde el Gobierno fue la de suspender las clases para as\u00ed evitar la propagaci\u00f3n del virus. Pero,\u00a0<b>\u00bfc\u00f3mo est\u00e1n hoy los m\u00e1s chicos?<\/b><\/p>\n<p class=\"font_tertiary paragraph\"><b>\u201c<\/b>Es cierto que la mayor\u00eda de los chicos est\u00e1 m\u00e1s aislado de sus amigos, ya que no se est\u00e1n viendo cotidianamente y los di\u00e1logos que tienen se focalizan generalmente en los juegos que comparten. Poco hablan de sus sentimientos, en general, entre ellos.\u00a0<b>Al haber perdido su rutina, su mundo se reduce a la convivencia con los miembros de cada familia que, a su vez tambi\u00e9n est\u00e1n atravesados por este contexto<\/b>\u00a0y la mayor\u00eda trabajando. Con lo cual a veces la disponibilidad para con sus hijos est\u00e1 limitada\u201d, coment\u00f3 a<b>\u00a0Infobae<\/b>\u00a0la licenciada en Psicolog\u00eda\u00a0<b>Lorena Ruda\u00a0<\/b>(MN 44247).<\/p>\n<p class=\"font_tertiary paragraph\">De acuerdo a la especialista, hay ni\u00f1os que est\u00e1n muy ensimismados y que ya no tienen ganas de salir ni siquiera cuando hay alguna propuesta al aire libre: \u201c<b>Les est\u00e1 costando salir de la casa y se est\u00e1n acostumbrando a esta nueva normalidad en donde el contacto con otros sea la m\u00ednima.\u00a0<\/b>Se encuentran aburridos y poco entusiasmados para hacer cosas nuevas o salir del aburrimiento\u00bb.<\/p>\n<p class=\"font_tertiary paragraph\"><b>\u00bfEn qu\u00e9 los diferencia con los adolescentes? \u201c<\/b>Tambi\u00e9n\u00a0<b>fue muy complicado para esta generaci\u00f3n, ya que al igual que a todos, esto impacto en los estados de \u00e1nimos.<\/b> Muchos se deprimen y tardan d\u00edas en ba\u00f1arse, est\u00e1n mucho tiempo con las pantallas. Hoy la relaci\u00f3n entre ellos est\u00e1 posibilitada gracias a las redes y la tecnolog\u00eda a diferencia de los m\u00e1s chicos que deben ser asistidos por sus padres para poder conectarse\u201d, apunt\u00f3 la especialista.<\/p>\n<p class=\"font_tertiary paragraph\">\u00ab<b>Las pantallas son su principal entretenimiento. A veces est\u00e1n de malhumor y bastante irascibles.<\/b>\u00a0Es necesario en estos casos encontrar momentos de encuentro y tratar de salir a cambiar el aire o que puedan mantener los v\u00ednculos con algunos de sus amigos de la manera que puedan. Verse en alguna oportunidad al aire libre o tratar de lograr encuentros virtuales. Tambi\u00e9n es vital que pueden hacer la tarea juntos o encontrar alg\u00fan otro tema en com\u00fan que los convoque.\u00a0<b>Estos estados de \u00e1nimo van cambiando y no sucede en todos los chicos pero si est\u00e1 siendo cada vez m\u00e1s frecuente\u201d, enfatiz\u00f3 Ruda.<\/b><\/p>\n<p class=\"font_tertiary paragraph\">En este contexto, un\u00a0estudio\u00a0realizado por la Universidad Miguel Hern\u00e1ndez de Espa\u00f1a, con el objetivo de comprender el efecto emocional de la cuarentena revel\u00f3 que\u00a0<b>el 85,7% de los padres ha constatado cambios en el estado emocional y en el comportamiento de sus hijos, concretamente problemas de concentraci\u00f3n, desinter\u00e9s, irritabilidad, agitaci\u00f3n, nerviosismo, sentimientos de soledad, inquietud y preocupaci\u00f3n.<\/b><\/p>\n<p class=\"font_tertiary paragraph\">Adem\u00e1s, los h\u00e1bitos tambi\u00e9n hab\u00edan cambiado: el 25% de los ni\u00f1os com\u00eda m\u00e1s de lo habitual, el 73% de los ni\u00f1os usaba dispositivos electr\u00f3nicos m\u00e1s de 90 minutos al d\u00eda (en comparaci\u00f3n con el 15% que lo hac\u00edan antes de la cuarentena) y solo el 14% de los ni\u00f1os practicaba 60 minutos de actividad f\u00edsica diaria<\/p>\n<p class=\"font_tertiary paragraph\"><b>\u00bfHabr\u00e1 efectos a largo plazo? \u201c<\/b>A largo plazo<b>\u00a0no podemos asegurar que efectos tendr\u00e1 esta vivencia ya que cada uno lo vive de un modo particular<\/b>\u00a0y elabora esta experiencia seg\u00fan sus herramientas y a su vez seg\u00fan el funcionamiento familiar y c\u00f3mo se est\u00e9 viviendo esta situaci\u00f3n en cada familia particular. Hay personas que se deprimen, otras que est\u00e1n muy activas. Hay padres con mucha paciencia con las tareas y otros con cada vez menos, entre otros.\u00a0<b>Todas esas situaciones particulares influyen en c\u00f3mo se vive esta pandemia a nivel familiar y por ende con sus efectos en lo individua<\/b>l\u201d, asegur\u00f3 la profesional.<\/p>\n<div class=\"Ad_4 | ad-wrapper display_flex align_items_center width_full justify_center\">\n<div class=\"\"><\/div>\n<\/div>\n<h2 class=\"font_tertiary paragraph\"><b>El d\u00eda despu\u00e9s de la pandemia<\/b><\/h2>\n<p class=\"font_tertiary paragraph\">Para la psic\u00f3loga, volver a la \u00abnormalidad \u201cseguro cueste en relaci\u00f3n a volver a instalar ciertas rutinas como los horarios: \u201cMuchos chicos manifiestan ganas de retomar sus actividades, incluso el colegio obviamente,\u00a0<b>habr\u00e1 casos singulares donde si est\u00e1n muy metidos para adentro y desganados cueste un poco m\u00e1s<\/b>,pero en cuanto se reencuentren con sus amistades, sus rutinas tan conocidas, probablemente se vuelvan a enganchar y a sentirse tambi\u00e9n m\u00e1s seguros ya que la incertidumbre, los miedos al contagio, ya no estar\u00e1n.<b>\u00a0Van a volver a lo conocido y seguro. Y volver\u00e1n los problemas de siempre que tambi\u00e9n habr\u00e1 que respetar dado que los tiempos son subjetivos de cada ni\u00f1o<\/b>\u201d.<\/p>\n","protected":false},"excerpt":{"rendered":"<p>C\u00f3mo est\u00e1 la salud mental de los ni\u00f1os a seis meses de cuarentena Por la pandemia, una de las primeras medidas que se adopt\u00f3 fue la<span class=\"excerpt-hellip\"> [\u2026]<\/span><\/p>\n","protected":false},"author":1,"featured_media":745,"comment_status":"open","ping_status":"open","sticky":false,"template":"","format":"standard","meta":{"footnotes":""},"categories":[1],"tags":[],"_links":{"self":[{"href":"https:\/\/quintanaasesores.com.ar\/24\/wp-json\/wp\/v2\/posts\/744"}],"collection":[{"href":"https:\/\/quintanaasesores.com.ar\/24\/wp-json\/wp\/v2\/posts"}],"about":[{"href":"https:\/\/quintanaasesores.com.ar\/24\/wp-json\/wp\/v2\/types\/post"}],"author":[{"embeddable":true,"href":"https:\/\/quintanaasesores.com.ar\/24\/wp-json\/wp\/v2\/users\/1"}],"replies":[{"embeddable":true,"href":"https:\/\/quintanaasesores.com.ar\/24\/wp-json\/wp\/v2\/comments?post=744"}],"version-history":[{"count":1,"href":"https:\/\/quintanaasesores.com.ar\/24\/wp-json\/wp\/v2\/posts\/744\/revisions"}],"predecessor-version":[{"id":746,"href":"https:\/\/quintanaasesores.com.ar\/24\/wp-json\/wp\/v2\/posts\/744\/revisions\/746"}],"wp:featuredmedia":[{"embeddable":true,"href":"https:\/\/quintanaasesores.com.ar\/24\/wp-json\/wp\/v2\/media\/745"}],"wp:attachment":[{"href":"https:\/\/quintanaasesores.com.ar\/24\/wp-json\/wp\/v2\/media?parent=744"}],"wp:term":[{"taxonomy":"category","embeddable":true,"href":"https:\/\/quintanaasesores.com.ar\/24\/wp-json\/wp\/v2\/categories?post=744"},{"taxonomy":"post_tag","embeddable":true,"href":"https:\/\/quintanaasesores.com.ar\/24\/wp-json\/wp\/v2\/tags?post=744"}],"curies":[{"name":"wp","href":"https:\/\/api.w.org\/{rel}","templated":true}]}}