{"id":729,"date":"2020-08-05T16:18:48","date_gmt":"2020-08-05T14:18:48","guid":{"rendered":"https:\/\/quintanaasesores.com.ar\/24\/?p=729"},"modified":"2020-08-05T16:18:48","modified_gmt":"2020-08-05T14:18:48","slug":"covid-19-disposiciones-comunes-hasta-el-16-de-agosto-de-2020","status":"publish","type":"post","link":"https:\/\/quintanaasesores.com.ar\/24\/covid-19-disposiciones-comunes-hasta-el-16-de-agosto-de-2020\/","title":{"rendered":"COVID-19 Disposiciones comunes hasta el 16 de Agosto de 2020"},"content":{"rendered":"<div class=\"panel-pane pane-titulo\">\n<div class=\"pane-content\">\n<h2 class=\"activities-sidbar\">COVID-19<\/h2>\n<h1 class=\"activities-sidbar\">Disposiciones comunes hasta el 16 de Agosto de 2020<\/h1>\n<p>argentina.gob.ar<\/p>\n<\/div>\n<\/div>\n<div class=\"panel-pane pane-redes-sociales\">\n<div class=\"pane-content\">\n<div class=\"section-actions social-share\"><\/div>\n<\/div>\n<\/div>\n<div class=\"panel-pane pane-texto\">\n<div class=\"pane-content\">\n<div class=\"\">\n<p>Tanto el objetivo del\u00a0<strong>aislamiento social, preventivo y obligatorio<\/strong>\u00a0como del nuevo\u00a0<strong>distanciamiento social, preventivo y obligatorio<\/strong>\u00a0ser\u00e1 la recuperaci\u00f3n del mayor grado de normalidad posible en cuanto al funcionamiento econ\u00f3mico y social, pero con los mayores cuidados.<\/p>\n<p>Por tal motivo, se mantiene un constante monitoreo de la evoluci\u00f3n epidemiol\u00f3gica, especialmente en aquellas situaciones que requieren un abordaje especial y diferencial, para contener en forma oportuna y suficiente la demanda creciente de casos y las particularidades de cada situaci\u00f3n.<\/p>\n<p>Asimismo, se establecen disposiciones comunes respecto de los grupos en riesgo, los l\u00edmites a la circulaci\u00f3n, el transporte p\u00fablico interurbano e interjurisdiccional, los controles efectuados por el Ministerio de Seguridad, la fiscalizaci\u00f3n coordinada para garantizar el cumplimiento de las normas establecidas, las infracciones y la verificaci\u00f3n de los par\u00e1metros epidemiol\u00f3gicos y sanitarios.<\/p>\n<div class=\"panel-pane pane-titulo\">\n<div class=\"pane-content\">\n<h1 class=\"activities-sidbar\">Grupos en riesgo<\/h1>\n<\/div>\n<\/div>\n<div class=\"panel-pane pane-texto\">\n<div class=\"pane-content\">\n<div class=\"\">\n<p>Los trabajadores y las trabajadoras mayores de 60 a\u00f1os de edad, embarazadas o incluidas en los grupos en riesgo seg\u00fan fueran definidos por el Ministerio de Salud de la Naci\u00f3n, y aquellas cuya presencia en el hogar resulte indispensable para el cuidado de ni\u00f1os, ni\u00f1as o adolescentes, est\u00e1n dispensados del deber de asistencia al lugar de trabajo en los t\u00e9rminos de la\u00a0<a href=\"https:\/\/www.argentina.gob.ar\/normativa\/nacional\/resoluci%C3%B3n-207-2020-335541\">Resoluci\u00f3n del Ministerio de Trabajo, Empleo y Seguridad Social de la Naci\u00f3n 207\/2020<\/a>, prorrogada por la Resoluci\u00f3n 296\/2020.<\/p>\n<div class=\"panel-pane pane-titulo\">\n<div class=\"pane-content\">\n<h1 class=\"activities-sidbar\">L\u00edmites a la circulaci\u00f3n<\/h1>\n<\/div>\n<\/div>\n<div class=\"panel-pane pane-texto\">\n<div class=\"pane-content\">\n<div class=\"\">\n<p>En ning\u00fan caso podr\u00e1n circular las personas que revisten la condici\u00f3n de\u00a0<strong>\u201ccaso sospechoso\u201d<\/strong>\u00a0ni la condici\u00f3n de\u00a0<strong>\u201ccaso confirmado\u201d<\/strong>\u00a0de COVID-19, conforme definiciones establecidas por la autoridad sanitaria nacional, ni quienes deban cumplir aislamiento en los t\u00e9rminos del\u00a0<a href=\"https:\/\/www.boletinoficial.gob.ar\/suplementos\/2020031201NS.pdf\" target=\"_blank\" rel=\"noopener noreferrer\">Decreto 260\/2020<\/a>, su modificatorio y normas complementarias.<\/p>\n<div class=\"panel-pane pane-titulo\">\n<div class=\"pane-content\">\n<h1 class=\"activities-sidbar\">Transporte p\u00fablico interurbano e interjurisdiccional<\/h1>\n<\/div>\n<\/div>\n<div class=\"panel-separator\">En atenci\u00f3n a que los criterios epidemiol\u00f3gicos indican que la utilizaci\u00f3n del transporte p\u00fablico de pasajeros facilita la transmisi\u00f3n del virus SARS-CoV-2, y ante la necesidad de minimizar este riesgo, se establece que el uso del servicio de transporte p\u00fablico de pasajeros interurbano e interjurisdiccional autorizado a circular quedar\u00e1 reservado para las personas que deban desplazarse para realizar las actividades contempladas en el art\u00edculo 6\u00b0 del\u00a0<a href=\"https:\/\/www.boletinoficial.gob.ar\/detalleAviso\/primera\/227042\/20200320\" target=\"_blank\" rel=\"noopener noreferrer\">Decreto 297\/2020<\/a>, en las Decisiones Administrativas 429\/2020, 450\/2020, 468\/2020, 490\/2020, 524\/2020, 703\/2020 y en el art\u00edculo 2\u00b0 inciso 1 de la Decisi\u00f3n Administrativa 810\/2020.<\/div>\n<div class=\"panel-pane pane-texto\">\n<div class=\"pane-content\">\n<div class=\"\">\n<p>El jefe de Gabinete de Ministros, en su car\u00e1cter de coordinador de la \u201cUnidad de Coordinaci\u00f3n General del Plan Integral para la Prevenci\u00f3n de Eventos de Salud P\u00fablica de Importancia Internacional\u201d, queda facultado para ampliar o reducir la enumeraci\u00f3n prevista en el presente art\u00edculo.<\/p>\n<\/div>\n<div class=\"panel-pane pane-titulo\">\n<div class=\"pane-content\">\n<h1 class=\"activities-sidbar\">Controles<\/h1>\n<\/div>\n<\/div>\n<div class=\"panel-separator\">El Ministerio de Seguridad dispondr\u00e1 controles permanentes en rutas, v\u00edas y espacios p\u00fablicos, accesos y dem\u00e1s lugares estrat\u00e9gicos que determine, en coordinaci\u00f3n y en forma concurrente con sus pares de las jurisdicciones provinciales y de la Ciudad Aut\u00f3noma de Buenos Aires, para garantizar el cumplimiento del \u201cdistanciamiento social, preventivo y obligatorio\u201d, del \u201caislamiento social, preventivo y obligatorio\u201d y de las normas vigentes dispuestas en el marco de la emergencia sanitaria y de sus normas complementarias.<\/div>\n<\/div>\n<div>\n<div class=\"panel-pane pane-titulo\">\n<div class=\"pane-content\">\n<h1 class=\"activities-sidbar\">Infracciones<\/h1>\n<\/div>\n<\/div>\n<div class=\"panel-separator\">Cuando se constate la existencia de infracci\u00f3n al cumplimiento del \u201cdistanciamiento social, preventivo y obligatorio\u201d, del \u201caislamiento social, preventivo y obligatorio\u201d o a otras normas dispuestas para la protecci\u00f3n de la salud p\u00fablica en el marco de la emergencia p\u00fablica en materia sanitaria, se proceder\u00e1 de inmediato a hacer cesar la conducta infractora y se dar\u00e1 actuaci\u00f3n a la autoridad competente, en el marco de los art\u00edculos 205, 239 y concordantes del C\u00f3digo Penal.<\/div>\n<div class=\"panel-pane pane-texto\">\n<div class=\"pane-content\">\n<div class=\"\">\n<p>El Ministerio de Seguridad deber\u00e1 disponer la inmediata detenci\u00f3n de los veh\u00edculos que circulen en infracci\u00f3n a lo dispuesto en el presente decreto y proceder\u00e1 a su retenci\u00f3n preventiva por el tiempo que resulte necesario, con el fin de evitar el desplazamiento de los mismos, para salvaguarda de la salud p\u00fablica y para evitar la propagaci\u00f3n del virus.<\/p>\n<\/div>\n<\/div>\n<\/div>\n<\/div>\n<\/div>\n<\/div>\n<\/div>\n<\/div>\n<\/div>\n<\/div>\n<\/div>\n<\/div>\n<\/div>\n<\/div>\n","protected":false},"excerpt":{"rendered":"<p>COVID-19 Disposiciones comunes hasta el 16 de Agosto de 2020 argentina.gob.ar Tanto el objetivo del\u00a0aislamiento social, preventivo y obligatorio\u00a0como del nuevo\u00a0distanciamiento social, preventivo y obligatorio\u00a0ser\u00e1 la<span class=\"excerpt-hellip\"> [\u2026]<\/span><\/p>\n","protected":false},"author":1,"featured_media":730,"comment_status":"open","ping_status":"open","sticky":false,"template":"","format":"standard","meta":{"footnotes":""},"categories":[13],"tags":[],"_links":{"self":[{"href":"https:\/\/quintanaasesores.com.ar\/24\/wp-json\/wp\/v2\/posts\/729"}],"collection":[{"href":"https:\/\/quintanaasesores.com.ar\/24\/wp-json\/wp\/v2\/posts"}],"about":[{"href":"https:\/\/quintanaasesores.com.ar\/24\/wp-json\/wp\/v2\/types\/post"}],"author":[{"embeddable":true,"href":"https:\/\/quintanaasesores.com.ar\/24\/wp-json\/wp\/v2\/users\/1"}],"replies":[{"embeddable":true,"href":"https:\/\/quintanaasesores.com.ar\/24\/wp-json\/wp\/v2\/comments?post=729"}],"version-history":[{"count":1,"href":"https:\/\/quintanaasesores.com.ar\/24\/wp-json\/wp\/v2\/posts\/729\/revisions"}],"predecessor-version":[{"id":731,"href":"https:\/\/quintanaasesores.com.ar\/24\/wp-json\/wp\/v2\/posts\/729\/revisions\/731"}],"wp:featuredmedia":[{"embeddable":true,"href":"https:\/\/quintanaasesores.com.ar\/24\/wp-json\/wp\/v2\/media\/730"}],"wp:attachment":[{"href":"https:\/\/quintanaasesores.com.ar\/24\/wp-json\/wp\/v2\/media?parent=729"}],"wp:term":[{"taxonomy":"category","embeddable":true,"href":"https:\/\/quintanaasesores.com.ar\/24\/wp-json\/wp\/v2\/categories?post=729"},{"taxonomy":"post_tag","embeddable":true,"href":"https:\/\/quintanaasesores.com.ar\/24\/wp-json\/wp\/v2\/tags?post=729"}],"curies":[{"name":"wp","href":"https:\/\/api.w.org\/{rel}","templated":true}]}}