{"id":706,"date":"2020-07-07T23:18:15","date_gmt":"2020-07-07T21:18:15","guid":{"rendered":"https:\/\/quintanaasesores.com.ar\/24\/?p=706"},"modified":"2020-07-07T23:31:22","modified_gmt":"2020-07-07T21:31:22","slug":"atencion-anaden-un-nuevo-criterio-de-caso-sospechoso-de-coronavirus","status":"publish","type":"post","link":"https:\/\/quintanaasesores.com.ar\/24\/atencion-anaden-un-nuevo-criterio-de-caso-sospechoso-de-coronavirus\/","title":{"rendered":"Atenci\u00f3n: a\u00f1aden un nuevo criterio de caso sospechoso de coronavirus"},"content":{"rendered":"<div class=\"title-container\">\n<h1 id=\"m34-33-35\" class=\"title newsfull__title \">Atenci\u00f3n: a\u00f1aden un nuevo criterio de caso sospechoso de coronavirus<\/h1>\n<\/div>\n<div class=\"newsfull__excerpt\">\n<p id=\"m39-38-40\" class=\"epigraph \">El Ministerio de Salud de la Naci\u00f3n sum\u00f3 un nuevo criterio en la definici\u00f3n de caso sospechoso de coronavirus para ni\u00f1os y adolescentes de hasta 18 a\u00f1os que presenten un cuadro de \u00abs\u00edndrome inflamatorio multisist\u00e9mico\u00bb.<\/p>\n<p>mdzol.com<\/p>\n<\/div>\n<p>El\u00a0<strong>Ministerio de Salud de la Naci\u00f3n<\/strong>\u00a0sum\u00f3 un\u00a0<strong>nuevo criterio<\/strong>\u00a0en la definici\u00f3n de\u00a0<strong>caso sospechoso de coronavirus<\/strong>\u00a0para<strong>\u00a0ni\u00f1os y adolescentes de hasta 18 a\u00f1os<\/strong>\u00a0que presenten un \u00ab<strong>s\u00edndrome inflamatorio multisist\u00e9mico<\/strong>\u00ab, un cuadro que recientemente se ha asociado como s\u00edntoma exclusivamente para este grupo etario.<\/p>\n<p>\u00abSe incluye un nuevo criterio pedi\u00e1trico para\u00a0<strong>facilitar la detecci\u00f3n precoz de personas con el nuevo\u00a0coronavirus<\/strong>, con el fin de prestar cuidados de manera oportuna y realizar aislamientos para interrumpir la transmisi\u00f3n\u00bb, inform\u00f3 la cartera nacional mediante un comunicado.<\/p>\n<p>Seg\u00fan el nuevo criterio, los pacientes deber\u00e1n \u00abpresentar\u00a0<strong>fiebre durante m\u00e1s de tres d\u00edas\u00a0<\/strong>acompa\u00f1ada de dos de los siguientes s\u00edntomas:<strong>\u00a0erupci\u00f3n cut\u00e1nea o conjuntivitis bilateral no purulenta o signos de inflamaci\u00f3n mucocut\u00e1nea<\/strong>\u00a0(en la boca, manos o pies);\u00a0<strong>hipotensi\u00f3n o shock; disfunci\u00f3n mioc\u00e1rdica, pericarditis, valvulitis o anomal\u00edas coronarias; evidencia de coagulopat\u00eda; diarrea, v\u00f3mitos o dolor abdominal<\/strong>\u00ab.<\/p>\n<p>Adem\u00e1s \u00abmarcadores elevados de\u00a0<strong>inflamaci\u00f3n<\/strong>, como\u00a0<strong>eritrosedimentaci\u00f3n, prote\u00edna C reactiva o procalcitonina<\/strong>, como as\u00ed tambi\u00e9n\u00a0<strong>ninguna otra causa evidente de inflamaci\u00f3n\u00a0<\/strong>(incluida la sepsis bacteriana, s\u00edndromes de shock estafiloc\u00f3cicos o estreptoc\u00f3cicos), agreg\u00f3.<\/p>\n<aside class=\"htmlinline\"><\/aside>\n<p>Por otro lado, se mantiene vigente el<strong>\u00a0primer criterio<\/strong>\u00a0para la definici\u00f3n de caso sospechoso orientado a personas de cualquier edad toda persona (de cualquier edad) que presente<strong>\u00a0dos o m\u00e1s de los siguientes s\u00edntomas<\/strong>:\u00a0<strong>fiebre de 37.5\u00b0C o m\u00e1s; tos; dolor de garganta, dificultad respiratoria; p\u00e9rdida reciente del sentido del gusto y\/o del olfato<\/strong>\u00a0que viva o que haya estado en una zona de transmisi\u00f3n local del nuevo coronavirus; o resida o trabaje en instituciones cerradas o de internaci\u00f3n prolongada; sea personal esencial (de las fuerzas de seguridad, Fuerzas Armadas y quienes brindan asistencia a personas mayores) o habite en barrios populares o en comunidades de pueblos originarios\u00bb.<\/p>\n<p>Se sostiene, adem\u00e1s, el<strong>\u00a0segundo criterio\u00a0<\/strong>para quienes presenten\u00a0<strong>dos o m\u00e1s de los s\u00edntomas mencionados en el primero, sin otra enfermedad que los expliquen y requieran internaci\u00f3n<\/strong>, m\u00e1s all\u00e1 del nexo epidemiol\u00f3gico.<\/p>\n<p>Tambi\u00e9n se considera caso sospechoso a los<strong>\u00a0contactos estrechos de un caso confirmado de coronavirus<\/strong>\u00a0que presente \u00abuno o m\u00e1s de los s\u00edntomas caracter\u00edsticos de Covid-19; como as\u00ed tambi\u00e9n a<strong>\u00a0cualquier persona que presente p\u00e9rdida reciente del sentido del olfato y del gusto<\/strong>, sin otra causa definida ni otros signos o s\u00edntomas\u00bb, concluy\u00f3 la cartera de Salud.<\/p>\n","protected":false},"excerpt":{"rendered":"<p>Atenci\u00f3n: a\u00f1aden un nuevo criterio de caso sospechoso de coronavirus El Ministerio de Salud de la Naci\u00f3n sum\u00f3 un nuevo criterio en la definici\u00f3n de caso<span class=\"excerpt-hellip\"> [\u2026]<\/span><\/p>\n","protected":false},"author":1,"featured_media":707,"comment_status":"open","ping_status":"open","sticky":false,"template":"","format":"standard","meta":{"footnotes":""},"categories":[13],"tags":[],"_links":{"self":[{"href":"https:\/\/quintanaasesores.com.ar\/24\/wp-json\/wp\/v2\/posts\/706"}],"collection":[{"href":"https:\/\/quintanaasesores.com.ar\/24\/wp-json\/wp\/v2\/posts"}],"about":[{"href":"https:\/\/quintanaasesores.com.ar\/24\/wp-json\/wp\/v2\/types\/post"}],"author":[{"embeddable":true,"href":"https:\/\/quintanaasesores.com.ar\/24\/wp-json\/wp\/v2\/users\/1"}],"replies":[{"embeddable":true,"href":"https:\/\/quintanaasesores.com.ar\/24\/wp-json\/wp\/v2\/comments?post=706"}],"version-history":[{"count":2,"href":"https:\/\/quintanaasesores.com.ar\/24\/wp-json\/wp\/v2\/posts\/706\/revisions"}],"predecessor-version":[{"id":711,"href":"https:\/\/quintanaasesores.com.ar\/24\/wp-json\/wp\/v2\/posts\/706\/revisions\/711"}],"wp:featuredmedia":[{"embeddable":true,"href":"https:\/\/quintanaasesores.com.ar\/24\/wp-json\/wp\/v2\/media\/707"}],"wp:attachment":[{"href":"https:\/\/quintanaasesores.com.ar\/24\/wp-json\/wp\/v2\/media?parent=706"}],"wp:term":[{"taxonomy":"category","embeddable":true,"href":"https:\/\/quintanaasesores.com.ar\/24\/wp-json\/wp\/v2\/categories?post=706"},{"taxonomy":"post_tag","embeddable":true,"href":"https:\/\/quintanaasesores.com.ar\/24\/wp-json\/wp\/v2\/tags?post=706"}],"curies":[{"name":"wp","href":"https:\/\/api.w.org\/{rel}","templated":true}]}}