{"id":695,"date":"2020-06-27T20:14:28","date_gmt":"2020-06-27T18:14:28","guid":{"rendered":"https:\/\/quintanaasesores.com.ar\/24\/?p=695"},"modified":"2020-06-27T20:14:28","modified_gmt":"2020-06-27T18:14:28","slug":"coronavirus-argentina-que-se-puede-hacer-y-que-no-con-la-nueva-cuarentena","status":"publish","type":"post","link":"https:\/\/quintanaasesores.com.ar\/24\/coronavirus-argentina-que-se-puede-hacer-y-que-no-con-la-nueva-cuarentena\/","title":{"rendered":"Coronavirus Argentina: qu\u00e9 se puede hacer y qu\u00e9 no con la nueva cuarentena"},"content":{"rendered":"<h1 class=\"art-headline\">Coronavirus Argentina: qu\u00e9 se puede hacer y qu\u00e9 no con la nueva cuarentena<\/h1>\n<h2 class=\"art-opening\">Por el aumento de contagios, el Gobierno nacional endurecer\u00e1 el Aislamiento Social, Preventivo y Obligatorio en el AMBA desde el 1\u00ba de julio.<\/h2>\n<p>Despu\u00e9s de casi\u00a0<strong>100 d\u00edas de Aislamientos Social, Preventivo y Obligatorio (ASPO)<\/strong>, comenzado el 20 de marzo a las 0.00 horas, el presidente Alberto Fern\u00e1ndez, junto al Jefe de Gobierno porte\u00f1o, Horacio Rodr\u00edguez Larreta y el Gobernador de la Provincia de Buenos Aires, Axel Kicillof, decidieron en conjunto endurecer las medidas de la cuarentena debido al\u00a0gran aumento de casos positivos de COVID-19. Y, aunque en el AMBA no se volver\u00e1 a la fase 1, se retroceder\u00e1 y se restringir\u00e1 la circulaci\u00f3n de manera tal que trendr\u00e1 muchas similitudes al comienzo del aislamiento y, en algunos casos, mucho m\u00e1s controlada.<\/p>\n<div id=\"gtp_diarioas_19753-INTEXT\" data-google-query-id=\"CMyZm8_BouoCFaotuQYdy8YAOQ\">\n<div id=\"google_ads_iframe_7811748\/as_web\/argentina\/tikitakas\/intext_0__container__\"><\/div>\n<\/div>\n<p>Estas nuevas medidas comenzar\u00e1n a regir desde el mi\u00e9rcoles 1\u00ba de julio y ser\u00e1n, en principio, hasta el 17 de julio.<\/p>\n<h4>\u00bfQu\u00e9 se puede hacer y qu\u00e9 no con la nueva cuarentena?<\/h4>\n<p>El foco estar\u00e1 puesto en la circulaci\u00f3n. Para limitarla, lo que har\u00e1n es restringir varios de los rubros permitidos hasta el momento. Es que al comienzo de la cuarentena fueron 24 las actividades con excepci\u00f3n y luego pasaron a 54.<\/p>\n<ul class=\"en_contenido\">\n<li><strong>Comercios e industrias:<\/strong>\u00a0se permitir\u00e1 la apertura de comercios que respondan a\u00a0actividades esenciales\u00a0como farmacias y supermercados. Ya no podr\u00e1n abrir sus puertas, por ejemplo, comercios que vendan art\u00edculos de librer\u00eda o indumentaria. Continuar\u00e1n algunas industrias como las que realizan exportaciones.<\/li>\n<li><strong>Transporte:<\/strong>\u00a0Se restringir\u00e1 la circulaci\u00f3n entre jurisdicciones y se aumentar\u00e1n los controles de ingreso y egreso de Capital Federal a Provincia y viceversa.<\/li>\n<li><strong>Permisos para circular:<\/strong>\u00a0el lunes deber\u00e1n renovarlo todas y todos los trabajadores de servicios esenciales.<\/li>\n<li><strong>Transporte p\u00fablico:<\/strong>\u00a0continuar\u00e1 siendo s\u00f3lo para\u00a0trabajadores de tareas esenciales\u00a0con una particularidad. Se habilitar\u00e1n las tarjetas SUBE s\u00f3lo a quienes trabajen en estas actividades.<\/li>\n<li><strong>Bancos<\/strong>: mantendr\u00e1n su atenci\u00f3n con sistema de turnos.<\/li>\n<li><strong>Controles:<\/strong>\u00a0se multiplicar\u00e1n en los \u00abpuntos cr\u00edticos\u00bb.<\/li>\n<li><strong>Salidas recreativas y actividad f\u00edsica:<\/strong>\u00a0en CABA\u00a0<strong>se sostendr\u00e1n las salidas para los ni\u00f1os los fines de semana.<\/strong>\u00a0Por su parte, se\u00a0<strong>eliminar\u00e1n los permisos para salir a correr y hacer actividad f\u00edsica desde el mi\u00e9rcoles a las 0:00 horas.<\/strong>\u00a0En Provincia se mantendr\u00e1n igual: no se puede salir a correr y los ni\u00f1os s\u00f3lo pueden acompa\u00f1ar a sus padre a, por ejemplo, hacer las compras.<\/li>\n<\/ul>\n","protected":false},"excerpt":{"rendered":"<p>Coronavirus Argentina: qu\u00e9 se puede hacer y qu\u00e9 no con la nueva cuarentena Por el aumento de contagios, el Gobierno nacional endurecer\u00e1 el Aislamiento Social, Preventivo<span class=\"excerpt-hellip\"> [\u2026]<\/span><\/p>\n","protected":false},"author":1,"featured_media":696,"comment_status":"open","ping_status":"open","sticky":false,"template":"","format":"standard","meta":{"footnotes":""},"categories":[1],"tags":[],"_links":{"self":[{"href":"https:\/\/quintanaasesores.com.ar\/24\/wp-json\/wp\/v2\/posts\/695"}],"collection":[{"href":"https:\/\/quintanaasesores.com.ar\/24\/wp-json\/wp\/v2\/posts"}],"about":[{"href":"https:\/\/quintanaasesores.com.ar\/24\/wp-json\/wp\/v2\/types\/post"}],"author":[{"embeddable":true,"href":"https:\/\/quintanaasesores.com.ar\/24\/wp-json\/wp\/v2\/users\/1"}],"replies":[{"embeddable":true,"href":"https:\/\/quintanaasesores.com.ar\/24\/wp-json\/wp\/v2\/comments?post=695"}],"version-history":[{"count":1,"href":"https:\/\/quintanaasesores.com.ar\/24\/wp-json\/wp\/v2\/posts\/695\/revisions"}],"predecessor-version":[{"id":697,"href":"https:\/\/quintanaasesores.com.ar\/24\/wp-json\/wp\/v2\/posts\/695\/revisions\/697"}],"wp:featuredmedia":[{"embeddable":true,"href":"https:\/\/quintanaasesores.com.ar\/24\/wp-json\/wp\/v2\/media\/696"}],"wp:attachment":[{"href":"https:\/\/quintanaasesores.com.ar\/24\/wp-json\/wp\/v2\/media?parent=695"}],"wp:term":[{"taxonomy":"category","embeddable":true,"href":"https:\/\/quintanaasesores.com.ar\/24\/wp-json\/wp\/v2\/categories?post=695"},{"taxonomy":"post_tag","embeddable":true,"href":"https:\/\/quintanaasesores.com.ar\/24\/wp-json\/wp\/v2\/tags?post=695"}],"curies":[{"name":"wp","href":"https:\/\/api.w.org\/{rel}","templated":true}]}}