{"id":687,"date":"2020-06-19T07:23:14","date_gmt":"2020-06-19T05:23:14","guid":{"rendered":"https:\/\/quintanaasesores.com.ar\/24\/?p=687"},"modified":"2020-06-19T07:23:14","modified_gmt":"2020-06-19T05:23:14","slug":"el-gobierno-lanzara-una-nueva-y-amplia-moratoria-impositiva-para-empresas-y-personas","status":"publish","type":"post","link":"https:\/\/quintanaasesores.com.ar\/24\/el-gobierno-lanzara-una-nueva-y-amplia-moratoria-impositiva-para-empresas-y-personas\/","title":{"rendered":"El Gobierno lanzar\u00e1 una nueva y amplia moratoria impositiva para empresas y personas"},"content":{"rendered":"<h1>El Gobierno lanzar\u00e1 una nueva y amplia moratoria impositiva para empresas y personas<\/h1>\n<h2><span class=\"subheadline\">Se presentar\u00e1 la semana pr\u00f3xima en el Congreso una iniciativa de los diputados oficialistas avalada por la Casa Rosada. Incluir\u00e1 deudas vencidas hasta el 31 de mayo y ser\u00e1 para compa\u00f1\u00edas de todos los tama\u00f1os e individuos; tendr\u00e1 vigencia hasta fin de agosto<\/span><\/h2>\n<p>infobae.com<\/p>\n<p>El Gobierno lanzar\u00e1 la semana pr\u00f3xima una nueva y m\u00e1s amplia moratoria que incluye deudas previsionales, aduaneras e impositivas vencidas hasta el 31 de mayo.<\/p>\n<p>El presidente Alberto Fern\u00e1ndez hab\u00eda anticipado que el Gobierno evaluaba lanzar una moratoria impositiva \u201cpara todo el mundo\u201d. En una entrevista radial que brind\u00f3 el s\u00e1bado pasado, el Presidente reconoci\u00f3 que hubo dificultades con la asistencia del Estado nacional y adelant\u00f3 que estaban trabajando \u201cen alg\u00fan tipo de moratoria para blanquear a todo el mundo\u201d.<\/p>\n<p>Seg\u00fan explicaron a Infobae fuentes del entorno del Presidente, el trabajo se ver\u00e1 reflejado en un proyecto de ley que presentar\u00e1 la semana entrante al Congreso de la Naci\u00f3n el bloque de diputados oficialistas. \u201cNo es un proyecto del Ejecutivo, es de los diputados\u201d, se\u00f1alaron en busca de marcar la diferencia, \u201cpero obvio que cuenta con el aval de la Casa Rosada\u201d, agregaron.<\/p>\n<p>El plan abarcar\u00e1 a empresas de todos los tama\u00f1os y a personas humanas que tienen deudas vencidas hasta el 31 de mayo de 2020<\/p>\n<p>La nueva moratoria ser\u00e1 \u201cm\u00e1s amplia\u201d que la que se estableci\u00f3 en la Ley de Solidaridad, ya que \u201cabarcar\u00e1 a todo tipo y tama\u00f1o de empresas, cada uno con sus requisitos, pero lo que se busc\u00f3 es la universalizaci\u00f3n del beneficio\u201d. La que vence a fin de mes s\u00f3lo es para las pymes. Adem\u00e1s, abarcar\u00e1 a las personas humanas \u2013monotributistas y aut\u00f3nomos\u2013 que tienen deudas con la Administraci\u00f3n Federal de Ingresos P\u00fablicos (AFIP).<\/p>\n<p>A diferencia de los planes de pago, que s\u00f3lo permiten refinanciar la deuda de los contribuyentes, las moratorias habilitan al fisco a perdonar parte de esos pasivos y, por esta raz\u00f3n, deben tener el aval del Congreso Nacional.<\/p>\n<p>Las fuentes con acceso al despacho presidencial explicaron los tres puntos m\u00e1s importantes del proyecto. El primero se refiere a la fecha de corte de la deuda vencida; en esta oportunidad alcanzar\u00e1 a todas las deudas hasta el 31 de mayo de 2020. La anterior moratoria abarcaba hasta fines de noviembre del 2019.<\/p>\n<blockquote>\n<h3>La nueva moratoria ser\u00e1 para deudas vencidas hasta el 31 de mayo de 2020 y habr\u00e1 tiempo para anotarse hasta el 31 de agosto. La primera cuota ser\u00e1 a mediados de noviembre<\/h3>\n<\/blockquote>\n<p>El segundo tiene que ver con la fecha de cierre para anotarse en la moratoria; si tiene un tr\u00e1mite legislativo veloz, ser\u00e1 de m\u00e1s de dos meses, ya que se estableci\u00f3 en el texto del proyecto que ser\u00e1 el 31 de agosto. La actual cerraba a fin de mes, luego de haber sido prorrogada dos veces por la AFIP.<\/p>\n<p>A\u00fan queda por establecer la fecha de lo que ser\u00e1 la primera cuota del plan para las empresas, monotributistas y aut\u00f3nomos que accedan. En principio hay consenso de que va a ser a mediados de noviembre.<\/p>\n<p>Aunque a\u00fan faltan detalles por conocerse, como por ejemplo cu\u00e1l va a ser la quita de capital y el inter\u00e9s, se especula que la norma que incluir\u00e1 deudas impositivas, previsionales y aduaneras a la que se podr\u00e1n adherirse grandes compa\u00f1\u00edas, pymes (no tendr\u00e1n el mismo trato ni las mismas prerrogativas para poder acceder), monotributistas, aut\u00f3nomos, y seguramente incluir\u00e1 a las cooperativas y a los clubes de barrio como la que fue votada, se especula que habr\u00e1 planes de hasta 120 cuotas.<\/p>\n<p><em>\u201cEsto es algo que nos ped\u00edan todas las representaciones empresarias. Nos lo piden desde que asumimos y lo piden en todos los foros en los que participan\u201d, explic\u00f3 la fuente de Balcarce 50. \u201cEntendemos que tendr\u00e1 un trato \u00e1gil en el Congreso, no s\u00f3lo porque lo piden todos los privados y lo que hicimos fue ampliar con la intenci\u00f3n de universalizarlo, sino que si tomamos en cuenta el debate de la Ley de Solidaridad, uno de los pocos art\u00edculos que en la votaci\u00f3n en particular tuvieron el apoyo de todos y s\u00f3lo hubo una abstenci\u00f3n fue el de la moratoria. Creemos que el escenario, en medio de la pandemia, va a ser el mismo y va a ser aprobado\u201d<\/em>, sentenci\u00f3.<\/p>\n<p>&nbsp;<\/p>\n<p>&nbsp;<\/p>\n","protected":false},"excerpt":{"rendered":"<p>El Gobierno lanzar\u00e1 una nueva y amplia moratoria impositiva para empresas y personas Se presentar\u00e1 la semana pr\u00f3xima en el Congreso una iniciativa de los diputados<span class=\"excerpt-hellip\"> [\u2026]<\/span><\/p>\n","protected":false},"author":1,"featured_media":688,"comment_status":"open","ping_status":"open","sticky":false,"template":"","format":"standard","meta":{"footnotes":""},"categories":[1],"tags":[],"_links":{"self":[{"href":"https:\/\/quintanaasesores.com.ar\/24\/wp-json\/wp\/v2\/posts\/687"}],"collection":[{"href":"https:\/\/quintanaasesores.com.ar\/24\/wp-json\/wp\/v2\/posts"}],"about":[{"href":"https:\/\/quintanaasesores.com.ar\/24\/wp-json\/wp\/v2\/types\/post"}],"author":[{"embeddable":true,"href":"https:\/\/quintanaasesores.com.ar\/24\/wp-json\/wp\/v2\/users\/1"}],"replies":[{"embeddable":true,"href":"https:\/\/quintanaasesores.com.ar\/24\/wp-json\/wp\/v2\/comments?post=687"}],"version-history":[{"count":1,"href":"https:\/\/quintanaasesores.com.ar\/24\/wp-json\/wp\/v2\/posts\/687\/revisions"}],"predecessor-version":[{"id":689,"href":"https:\/\/quintanaasesores.com.ar\/24\/wp-json\/wp\/v2\/posts\/687\/revisions\/689"}],"wp:featuredmedia":[{"embeddable":true,"href":"https:\/\/quintanaasesores.com.ar\/24\/wp-json\/wp\/v2\/media\/688"}],"wp:attachment":[{"href":"https:\/\/quintanaasesores.com.ar\/24\/wp-json\/wp\/v2\/media?parent=687"}],"wp:term":[{"taxonomy":"category","embeddable":true,"href":"https:\/\/quintanaasesores.com.ar\/24\/wp-json\/wp\/v2\/categories?post=687"},{"taxonomy":"post_tag","embeddable":true,"href":"https:\/\/quintanaasesores.com.ar\/24\/wp-json\/wp\/v2\/tags?post=687"}],"curies":[{"name":"wp","href":"https:\/\/api.w.org\/{rel}","templated":true}]}}