{"id":677,"date":"2020-06-06T05:17:02","date_gmt":"2020-06-06T03:17:02","guid":{"rendered":"https:\/\/quintanaasesores.com.ar\/24\/?p=677"},"modified":"2020-06-06T05:17:02","modified_gmt":"2020-06-06T03:17:02","slug":"como-el-coronavirus-cambio-la-vida-cotidiana-su-impacto-en-la-conducta-y-la-salud-mental-de-los-argentinos","status":"publish","type":"post","link":"https:\/\/quintanaasesores.com.ar\/24\/como-el-coronavirus-cambio-la-vida-cotidiana-su-impacto-en-la-conducta-y-la-salud-mental-de-los-argentinos\/","title":{"rendered":"C\u00f3mo el coronavirus cambi\u00f3 la vida cotidiana: su impacto en la conducta y la salud mental de los argentinos"},"content":{"rendered":"<h1>C\u00f3mo el coronavirus cambi\u00f3 la vida cotidiana: su impacto en la conducta y la salud mental de los argentinos<\/h1>\n<h2><span class=\"subheadline\">Investigadores del Conicet realizaron un estudio sobre los efectos psicosociales que podr\u00edan generarse como consecuencia de la pandemia y del d\u00eda a d\u00eda en cuarentena. \u201cNos propusimos sacar una foto de lo que nos estaba pasando como sociedad\u201d, dijeron los responsables del trabajo<\/span><\/h2>\n<p>infobae.com<\/p>\n<div class=\"row pb-content-type-text\">\n<div class=\"col-xs-12 col-print-12\">\n<p class=\"element element-paragraph\">El teletrabajo, los ni\u00f1os estudiando en casa y las reuniones virtuales forman parte de la nueva realidad de los argentinos. El avance del COVID-19 y las medidas implementadas para hacerle frente a la pandemia alteraron el desarrollo de la cotidianeidad y los v\u00ednculos laborales y familiares. \u00bfCu\u00e1l es la percepci\u00f3n de la poblaci\u00f3n sobre esta nueva normalidad? \u00bfQu\u00e9 efectos psicosociales podr\u00edan generarse como consecuencia de la pandemia y la vida en cuarentena? Estos fueron los interrogantes planteados por los cient\u00edficos del Conicet que desarrollaron el estudio Tiara, una investigaci\u00f3n que recibe su nombre como un juego de palabras en referencia al coronavirus.<\/p>\n<\/div>\n<\/div>\n<div class=\"row pb-content-type-text\">\n<div class=\"col-xs-12 col-print-12\">\n<p class=\"element element-paragraph\">\u201cNos propusimos sacar una foto de lo que nos estaba pasando como sociedad.\u00a0<b>La salud mental es un tema clave en el manejo de la epidemia porque refleja el costo de lo que estamos viviendo como individuos y c\u00f3mo esto se complementa con la prevenci\u00f3n y adherencia al aislamiento<\/b>\u201d, afirm\u00f3 Silvina Arrossi, investigadora independiente del Conicet en el Centro de Estudios de Estado y Sociedad (CEDES) y una de las l\u00edderes de la investigaci\u00f3n.<\/p>\n<\/div>\n<\/div>\n<div class=\"row pb-content-type-text\">\n<div class=\"col-xs-12 col-print-12\">\n<p class=\"element element-paragraph\"><b>Los cient\u00edficos confeccionaron una encuesta que se difundi\u00f3 de forma online entre el 30 de marzo y el 12 de abril, es decir durante los primeros d\u00edas de aislamiento.\u00a0<\/b>La investigaci\u00f3n, que ya fue elevada a las autoridades del Ministerio de Salud de la Naci\u00f3n, fue respondida en forma an\u00f3nima por 30.269 personas de las 24 jurisdicciones del pa\u00eds: 24.595 fueron mujeres, 5.098 varones y 254 personas de identidades no binarias.<\/p>\n<\/div>\n<\/div>\n<div class=\"row pb-content-type-text\">\n<div class=\"col-xs-12 col-print-12\">\n<p class=\"element element-paragraph\">El dato que los investigadores consideran m\u00e1s significativo fue que\u00a0<b>durante las dos primeras semanas de aislamiento el 55% de la poblaci\u00f3n encuestada reportaba una reducci\u00f3n de ingresos en su hogar<\/b>. La informaci\u00f3n recabada muestra la desigualdad del impacto econ\u00f3mico sobre los diferentes grupos sociales: el 78% de quienes cuentan s\u00f3lo con cobertura p\u00fablica de salud sufri\u00f3 durante aquellos d\u00edas una reducci\u00f3n de ingresos, frente al 52% de los entrevistados que tienen obra social o prepaga. Las mujeres encabezan la segmentaci\u00f3n por g\u00e9nero con el 55%, los varones vieron reducidos sus ingresos en un 54% y la poblaci\u00f3n de identidades no binarias en un 52%. Asimismo, la encuesta mostr\u00f3 que en relaci\u00f3n al ingreso, los j\u00f3venes fueron los m\u00e1s afectados en la estratificaci\u00f3n por edad: El 58% de la poblaci\u00f3n que tiene entre 18 y 29 a\u00f1os manifest\u00f3 una disminuci\u00f3n en sus ingresos en los primeros d\u00edas de la cuarentena. Las personas con 60 a\u00f1os o m\u00e1s, reportaron una baja en sus ingresos en un 49% de los casos, mientras que quienes se ubican en el segmento etario que va de los 30 a los 59 a\u00f1os lo hizo en un 54%.<\/p>\n<\/div>\n<\/div>\n<div class=\"row pb-content-type-text\">\n<div class=\"col-xs-12 col-print-12\">\n<p class=\"element element-paragraph\">La investigadora adjunta del Conicet y directora del CEDES, Mariana Romero, explica que\u00a0<mark class=\"hl_yellow\">las respuestas obtenidas revelaron que el aislamiento tiene consecuencias que van m\u00e1s all\u00e1 de la permanencia en los hogares.\u00a0<\/mark>El informe Tiara evidencia \u201clas dificultades o temores a c\u00f3mo impacta en t\u00e9rminos econ\u00f3micos el sostenimiento de los diversos grupos sociales\u201d.<\/p>\n<\/div>\n<\/div>\n<div class=\"row pb-content-type-text\">\n<div class=\"col-xs-12 col-print-12\">\n<p class=\"element element-paragraph\"><b>Las preocupaciones de la poblaci\u00f3n en las primeras semanas de cuarentena<\/b><\/p>\n<\/div>\n<\/div>\n<div class=\"row pb-content-type-text\">\n<div class=\"col-xs-12 col-print-12\">\n<p class=\"element element-paragraph\"><b>En tanto el aburrimiento no representa una preocupaci\u00f3n importante para la poblaci\u00f3n sondeada, las inquietudes de \u00edndole econ\u00f3mico afectan a la mayor\u00eda: el 64% de los encuestados reconoci\u00f3 sentirse afectado por la posibilidad de no poder trabajar y no disponer de sustento.<\/b>\u00a0La imposibilidad de pagar el alquiler y los servicios en un futuro cercano preocupa al 60% de los encuestados.<\/p>\n<\/div>\n<\/div>\n<div class=\"row pb-content-type-text\">\n<div class=\"col-xs-12 col-print-12\">\n<p class=\"element element-paragraph\">De la informaci\u00f3n obtenida en la encuesta se desprende que las mujeres muestran mayor grado de preocupaci\u00f3n que los hombres para todas las categor\u00edas sondeadas por el estudio, excepto en lo referido a la educaci\u00f3n de los hijos donde las inquietudes son similares. Entre la poblaci\u00f3n joven, el 71% se\u00f1ala estar preocupado por no poder trabajar y en consecuencia, perder el sustento econ\u00f3mico y el 66% reconoci\u00f3 preocupaci\u00f3n por verse imposibilitado de pagar el alquiler y los servicios.<\/p>\n<\/div>\n<\/div>\n<div class=\"row pb-content-type-text\">\n<div class=\"col-xs-12 col-print-12\">\n<p class=\"element element-paragraph\">Dentro de la poblaci\u00f3n socialmente vulnerable, identificada como aquella que solo dispone de cobertura p\u00fablica de salud, el 86% declara preocupaci\u00f3n por no poder trabajar y no disponer de sustento econ\u00f3mico. La incapacidad de pagar el alquiler y los servicios fue considerado por el 81% de los encuestados de este grupo, mientras que el 79% manifest\u00f3 estar preocupado por no disponer de los medios econ\u00f3micos para comprar alimentos. Tras el an\u00e1lisis de los resultados Arrossi reflexiona:\u00a0<b>\u201cEl impacto en las condiciones de trabajo se constituye como el tel\u00f3n de fondo estructural sobre el cual se sobreimprimen los efectos relativos a la salud mental\u201d.<\/b><\/p>\n<\/div>\n<\/div>\n<div class=\"row pb-content-type-text\">\n<div class=\"col-xs-12 col-print-12\">\n<p class=\"element element-paragraph\">Otro de los puntos valorados por el estudio fue la preocupaci\u00f3n de los entrevistados por la violencia dom\u00e9stica. Las mujeres, los j\u00f3venes y las personas con vulnerabilidad social demuestran mayores inquietudes: entre las personas de 18 a 29 a\u00f1os, el 19% se encuentra bastante o muy preocupado, comparado con el 8% de los encuestados con edades que rondan entre los 30 y los 59 a\u00f1os. S\u00f3lo el 10% de la poblaci\u00f3n con 60 a\u00f1os o m\u00e1s, mostr\u00f3 preocupaci\u00f3n por el tema. El 22% de la poblaci\u00f3n con cobertura p\u00fablica de salud exclusiva declar\u00f3 preocupaci\u00f3n por la violencia dom\u00e9stica, frente al 11% de quienes cuentan con obra social o prepaga.<\/p>\n<\/div>\n<\/div>\n<div class=\"row pb-content-type-text\">\n<div class=\"col-xs-12 col-print-12\">\n<p class=\"element element-paragraph\"><mark class=\"hl_yellow\">Entre las principales inquietudes que afectan a la poblaci\u00f3n encuestada, el 93% se\u00f1al\u00f3 la posibilidad de contagio en alg\u00fan miembro de su familia, mientras que el 87% esboz\u00f3 inquietudes por sufrir alg\u00fan problema de salud propio o en el n\u00facleo familiar\u00a0<\/mark>y no recibir la atenci\u00f3n adecuada. Una menci\u00f3n especial la merecen las personas con enfermedades cr\u00f3nicas, quienes en numerosos casos han interrumpido sus tratamientos, estudios o an\u00e1lisis. \u201cEste punto deber\u00e1 ser tomado en consideraci\u00f3n por los hacedores de pol\u00edticas p\u00fablicas frente a la continuidad del aislamiento\u201d, se\u00f1al\u00f3 Romero.<\/p>\n<\/div>\n<\/div>\n<div class=\"row pb-content-type-text\">\n<div class=\"col-xs-12 col-print-12\">\n<p class=\"element element-paragraph\"><b>Malestar psicosocial<\/b><\/p>\n<\/div>\n<\/div>\n<div class=\"row pb-content-type-text\">\n<div class=\"col-xs-12 col-print-12\">\n<p class=\"element element-paragraph\">Con el objetivo de medir el nivel del malestar psicol\u00f3gico en la poblaci\u00f3n sondeada, los investigadores utilizaron la escala K10, una herramienta validada en la Argentina que se basa en preguntas sobre s\u00edntomas de depresi\u00f3n y ansiedad. El instrumento de medici\u00f3n revel\u00f3 que el 48% de la poblaci\u00f3n refleja un score compatible con malestar psicol\u00f3gico. El 28% del total alcanz\u00f3 un score en la escala K10 de malestar psicol\u00f3gico moderado o severo.<\/p>\n<\/div>\n<\/div>\n<div class=\"row pb-content-type-text\">\n<div class=\"col-xs-12 col-print-12\">\n<p class=\"element element-paragraph\">Si bien el nivel de malestar psicol\u00f3gico en la poblaci\u00f3n es alto, la diferencia por grupos es a\u00fan m\u00e1s determinante: el 52% de las mujeres se encuentran afectadas, mientras que s\u00f3lo el 29% de los hombres mostraron indicadores de malestar psicol\u00f3gico. En tanto, el 59% de la poblaci\u00f3n con vulnerabilidad social se encuentra afectado, el 47% de quienes cuentan con obra social o prepaga reflej\u00f3 malestar psicol\u00f3gico.\u00a0<b>El 62% de los j\u00f3venes proporcionan respuestas compatibles con malestar psicol\u00f3gico, mientras que el 43% de las personas con 30 a 59 a\u00f1os se encuentran afectados<\/b>. El 26% de los casos con 60 a\u00f1os o m\u00e1s manifest\u00f3 malestar psicol\u00f3gico en sus respuestas.<\/p>\n<\/div>\n<\/div>\n<div class=\"row pb-content-type-text\">\n<div class=\"col-xs-12 col-print-12\">\n<p class=\"element element-paragraph\">Los investigadores afirman que establecer las causas del malestar psicol\u00f3gico por el momento es complejo. Sin embargo, la evidencia demuestra un impacto diferencial en las mujeres, es decir que<mark class=\"hl_yellow\">\u00a0se podr\u00eda pensar que \u201cla epidemia y el impacto psicosocial atraviesa desigualdades de g\u00e9nero preexistentes, que probablemente se potencien en esta situaci\u00f3n\u201d<\/mark>, se\u00f1al\u00f3 Arrossi. Y agreg\u00f3: \u201cDe igual manera es posible pensar que la caracterizaci\u00f3n laboral m\u00e1s precaria ligada a los j\u00f3venes puede influir en el malestar psicol\u00f3gico de esa poblaci\u00f3n\u201d.<\/p>\n<\/div>\n<\/div>\n<div class=\"row pb-content-type-text\">\n<div class=\"col-xs-12 col-print-12\">\n<p class=\"element element-paragraph\"><b>Los aspectos positivos<\/b><\/p>\n<\/div>\n<\/div>\n<div class=\"row pb-content-type-text\">\n<div class=\"col-xs-12 col-print-12\">\n<p class=\"element element-paragraph\">Pese al alto impacto psicosocial registrado en las respuestas, el estudio tambi\u00e9n recogi\u00f3 datos positivos. El 81% de los casos valora el aislamiento como una contribuci\u00f3n para detener el coronavirus y el 73% de la poblaci\u00f3n considera el aislamiento como una medida en la que el pa\u00eds, en su conjunto, contribuye a detener el avance de la pandemia. \u00abLo interesante de esta encuesta es la sensaci\u00f3n colectiva. Es un elemento central que hace que la gente le siga dando legitimidad a la medida, a pesar del gran impacto a nivel de ingresos, de las condiciones de trabajo y de la salud mental\u00bb, sostuvo Arrossi.<\/p>\n<\/div>\n<\/div>\n<div class=\"row pb-content-type-text\">\n<div class=\"col-xs-12 col-print-12\">\n<p class=\"element element-paragraph\">Por su parte, Romero advirti\u00f3 que\u00a0<b>\u201ces interesante resaltar la respuesta respecto de los principales cambios de conducta. Que haya habido cambios en las dos primeras semanas confirma que los mensajes llegaron claros y en t\u00e9rminos de salud p\u00fablica este punto es clave\u201d<\/b>. De hecho el estudio confirma que durante las primeras semanas de aislamiento el 95% de la poblaci\u00f3n aument\u00f3 la frecuencia del lavado de manos, el 91% evita saludar con un beso y el 86% se cubre con el codo cuando estornuda o tose. Adem\u00e1s, el 62% de los encuestados afirma haber dejado de compartir el mate.<\/p>\n<\/div>\n<\/div>\n<div class=\"row pb-content-type-text\">\n<div class=\"col-xs-12 col-print-12\">\n<p class=\"element element-paragraph\"><b>El futuro de la investigaci\u00f3n<\/b><\/p>\n<\/div>\n<\/div>\n<div class=\"row pb-content-type-text\">\n<div class=\"col-xs-12 col-print-12\">\n<p class=\"element element-paragraph\">Con el objetivo de analizar el malestar psicosocial de la poblaci\u00f3n en los posibles nuevos escenarios, la proyecci\u00f3n del estudio es realizar un nuevo relevamiento a seis meses de iniciada la primera etapa de cuarentena. La nueva medici\u00f3n posibilitar\u00e1 la comparaci\u00f3n entre lo que ser\u00e1n, probablemente, diferentes fases del aislamiento social preventivo y obligatorio \u00abe incluso la informaci\u00f3n permitir\u00e1 hacer pol\u00edticas p\u00fablicas focalizadas\u00bb, precis\u00f3 Melisa Paolino, investigadora asistente del Conicet en el CEDES.<\/p>\n<\/div>\n<\/div>\n<div class=\"row pb-content-type-text\">\n<div class=\"col-xs-12 col-print-12\">\n<p class=\"element element-paragraph\">Paolino piensa que\u00a0<b>una investigaci\u00f3n de estas caracter\u00edsticas, en tiempos de pandemia, revaloriza su pr\u00e1ctica como investigadores: \u201cAportar evidencia cient\u00edfica, de calidad para el desarrollo de pol\u00edticas p\u00fablicas es el rol que tenemos que cumplir\u201d<\/b>.<\/p>\n<\/div>\n<\/div>\n<div class=\"row pb-content-type-text\">\n<div class=\"col-xs-12 col-print-12\">\n<p class=\"element element-paragraph\">\u201cHay evidencia que habla de que esto no se termina ac\u00e1, el malestar puede traer consecuencias a largo, mediano y corto plazo, por eso es importante brindarle informaci\u00f3n y herramientas a la poblaci\u00f3n. Habr\u00e1 consecuencias en la subjetividad de la poblaci\u00f3n, nadie ser\u00e1 el mismo\u201d, concluy\u00f3 Paolino.<\/p>\n<\/div>\n<\/div>\n","protected":false},"excerpt":{"rendered":"<p>C\u00f3mo el coronavirus cambi\u00f3 la vida cotidiana: su impacto en la conducta y la salud mental de los argentinos Investigadores del Conicet realizaron un estudio sobre<span class=\"excerpt-hellip\"> [\u2026]<\/span><\/p>\n","protected":false},"author":1,"featured_media":678,"comment_status":"open","ping_status":"open","sticky":false,"template":"","format":"standard","meta":{"footnotes":""},"categories":[1],"tags":[],"_links":{"self":[{"href":"https:\/\/quintanaasesores.com.ar\/24\/wp-json\/wp\/v2\/posts\/677"}],"collection":[{"href":"https:\/\/quintanaasesores.com.ar\/24\/wp-json\/wp\/v2\/posts"}],"about":[{"href":"https:\/\/quintanaasesores.com.ar\/24\/wp-json\/wp\/v2\/types\/post"}],"author":[{"embeddable":true,"href":"https:\/\/quintanaasesores.com.ar\/24\/wp-json\/wp\/v2\/users\/1"}],"replies":[{"embeddable":true,"href":"https:\/\/quintanaasesores.com.ar\/24\/wp-json\/wp\/v2\/comments?post=677"}],"version-history":[{"count":1,"href":"https:\/\/quintanaasesores.com.ar\/24\/wp-json\/wp\/v2\/posts\/677\/revisions"}],"predecessor-version":[{"id":679,"href":"https:\/\/quintanaasesores.com.ar\/24\/wp-json\/wp\/v2\/posts\/677\/revisions\/679"}],"wp:featuredmedia":[{"embeddable":true,"href":"https:\/\/quintanaasesores.com.ar\/24\/wp-json\/wp\/v2\/media\/678"}],"wp:attachment":[{"href":"https:\/\/quintanaasesores.com.ar\/24\/wp-json\/wp\/v2\/media?parent=677"}],"wp:term":[{"taxonomy":"category","embeddable":true,"href":"https:\/\/quintanaasesores.com.ar\/24\/wp-json\/wp\/v2\/categories?post=677"},{"taxonomy":"post_tag","embeddable":true,"href":"https:\/\/quintanaasesores.com.ar\/24\/wp-json\/wp\/v2\/tags?post=677"}],"curies":[{"name":"wp","href":"https:\/\/api.w.org\/{rel}","templated":true}]}}